{"id":56633,"date":"2018-06-12T19:57:21","date_gmt":"2018-06-12T22:57:21","guid":{"rendered":"http:\/\/portalcatolico.net\/portal\/?p=56633"},"modified":"2018-06-12T19:57:21","modified_gmt":"2018-06-12T22:57:21","slug":"que-os-evangelizadores-nao-sejam-carreiristas","status":"publish","type":"post","link":"http:\/\/portalcatolico.net\/portal\/que-os-evangelizadores-nao-sejam-carreiristas\/","title":{"rendered":"Que os evangelizadores n\u00e3o sejam carreiristas"},"content":{"rendered":"<p>A evangeliza\u00e7\u00e3o tem tr\u00eas dimens\u00f5es fundamentais: o an\u00fancio, o servi\u00e7o e a gratuidade. Foi o que sublinhou o Papa Francisco na homilia da Missa celebrada na manh\u00e3 desta segunda-feira, 11, na capela da Casa Santa Marta.<\/p>\n<h2>Escolhas que n\u00e3o transformam o cora\u00e7\u00e3o&nbsp;<\/h2>\n<p>Inspirando-se nas leituras do dia, o Pont\u00edfice esclarece que o Esp\u00edrito Santo \u00e9 o \u201cprotagonista\u201d do an\u00fancio, que n\u00e3o apresenta uma simples \u201cprega\u00e7\u00e3o\u201d ou a \u201ctransmiss\u00e3o\u201d de algumas ideias, mas \u00e9 um movimento din\u00e2mico capaz de \u201ctransformar os cora\u00e7\u00f5es\u201d, gra\u00e7as \u00e0 a\u00e7\u00e3o do Esp\u00edrito.<\/p>\n<p>\u201cVimos planos pastorais bem feitos, perfeitos \u2013 precisa Francisco \u2013 mas que n\u00e3o eram instrumento de evangeliza\u00e7\u00e3o\u201d, simplesmente porque eram finalizados em si mesmos, \u201cincapazes de transformar os cora\u00e7\u00f5es\u201d:<\/p>\n<p><i>&#8220;N\u00e3o \u00e9 uma atitude empresarial que Jesus nos manda ter, com uma atitude empresarial, n\u00e3o. \u00c9 com o Esp\u00edrito Santo. Isso \u00e9 coragem. A verdadeira coragem da evangeliza\u00e7\u00e3o n\u00e3o \u00e9 uma teimosia humana, assim&#8230; N\u00e3o. \u00c9 o Esp\u00edrito Santo que nos d\u00e1 coragem e leva voc\u00ea em frente&#8221;.<\/i><\/p>\n<h2>Na Igreja \u00e9 preciso servir<\/h2>\n<p>A segunda dimens\u00e3o da evangeliza\u00e7\u00e3o destacada pelo Papa, \u00e9 a do servi\u00e7o, oferecido tamb\u00e9m \u201cnas pequenas coisas\u201d.<\/p>\n<p>Equivocada, de fato, \u00e9 a presun\u00e7\u00e3o de querer ser servido depois de ter feito carreira, na Igreja ou na sociedade: \u201co subir na Igreja \u2013 acrescenta \u2013 \u00e9 um sinal que n\u00e3o se sabe o que \u00e9 a evangeliza\u00e7\u00e3o\u201d: \u201caquele que manda, deve ser como aquele que serve\u201d:<\/p>\n<p><i>\u201cN\u00f3s podemos anunciar coisas boas, mas sem servi\u00e7o n\u00e3o \u00e9 an\u00fancio, parece, mas n\u00e3o \u00e9. Porque o Esp\u00edrito n\u00e3o somente leva voc\u00ea me frente para proclamar as verdades do Senhor e a vida do Senhor, mas leva voc\u00ea tamb\u00e9m aos irm\u00e3os, irm\u00e3s, para servi-los. Tamb\u00e9m nas coisas pequenas. \u00c9 feio quando nos deparamos com evangelizadores que se fazem servir e vivem para serem servidos. \u00c9 feio. S\u00e3o como pr\u00edncipes da evangeliza\u00e7\u00e3o<\/i>\u201d.<\/p>\n<h2>Gratuidade da evangeliza\u00e7\u00e3o<\/h2>\n<p>Por fim, a gratuidade, porque ningu\u00e9m pode redimir-se pelos pr\u00f3prios m\u00e9ritos. \u201cGratuitamente recebestes \u2013 nos recorda o Senhor &#8211; gratuitamente deveis dar\u201d:<\/p>\n<p>\u201c<i>Todos n\u00f3s fomos salvos gratuitamente por Jesus Cristo e portanto devemos dar gratuitamente. Os agentes pastorais da evangeliza\u00e7\u00e3o devem aprender isto, a vida deles deve ser gratuita, a servi\u00e7o, ao an\u00fancio, conduzidos pelo Esp\u00edrito. A pr\u00f3pria pobreza os impele a abrirem-se ao Esp\u00edrito\u201d.&nbsp;<\/i><i>(Vatican News)<\/i><\/p>\n<p><b>Por Barbara Castelli<\/b><\/p>\n","protected":false},"excerpt":{"rendered":"<p>A evangeliza\u00e7\u00e3o tem tr\u00eas dimens\u00f5es fundamentais: o an\u00fancio, o servi\u00e7o e a gratuidade. Foi o que sublinhou o Papa Francisco na homilia da Missa celebrada na manh\u00e3 desta segunda-feira, 11, na capela da Casa Santa Marta. Escolhas que n\u00e3o transformam o cora\u00e7\u00e3o&nbsp; Inspirando-se nas leituras do dia, o Pont\u00edfice esclarece que o Esp\u00edrito Santo \u00e9&nbsp;<\/p>\n<p><a class=\"btn btn-style\" href=\"http:\/\/portalcatolico.net\/portal\/que-os-evangelizadores-nao-sejam-carreiristas\/\">Continue Reading<\/a><\/p>\n","protected":false},"author":2,"featured_media":56634,"comment_status":"open","ping_status":"open","sticky":false,"template":"","format":"standard","meta":{"footnotes":""},"categories":[5],"tags":[],"class_list":["post-56633","post","type-post","status-publish","format-standard","has-post-thumbnail","hentry","category-igreja_no_mundo"],"_links":{"self":[{"href":"http:\/\/portalcatolico.net\/portal\/wp-json\/wp\/v2\/posts\/56633","targetHints":{"allow":["GET"]}}],"collection":[{"href":"http:\/\/portalcatolico.net\/portal\/wp-json\/wp\/v2\/posts"}],"about":[{"href":"http:\/\/portalcatolico.net\/portal\/wp-json\/wp\/v2\/types\/post"}],"author":[{"embeddable":true,"href":"http:\/\/portalcatolico.net\/portal\/wp-json\/wp\/v2\/users\/2"}],"replies":[{"embeddable":true,"href":"http:\/\/portalcatolico.net\/portal\/wp-json\/wp\/v2\/comments?post=56633"}],"version-history":[{"count":1,"href":"http:\/\/portalcatolico.net\/portal\/wp-json\/wp\/v2\/posts\/56633\/revisions"}],"predecessor-version":[{"id":56635,"href":"http:\/\/portalcatolico.net\/portal\/wp-json\/wp\/v2\/posts\/56633\/revisions\/56635"}],"wp:featuredmedia":[{"embeddable":true,"href":"http:\/\/portalcatolico.net\/portal\/wp-json\/wp\/v2\/media\/56634"}],"wp:attachment":[{"href":"http:\/\/portalcatolico.net\/portal\/wp-json\/wp\/v2\/media?parent=56633"}],"wp:term":[{"taxonomy":"category","embeddable":true,"href":"http:\/\/portalcatolico.net\/portal\/wp-json\/wp\/v2\/categories?post=56633"},{"taxonomy":"post_tag","embeddable":true,"href":"http:\/\/portalcatolico.net\/portal\/wp-json\/wp\/v2\/tags?post=56633"}],"curies":[{"name":"wp","href":"https:\/\/api.w.org\/{rel}","templated":true}]}}