{"id":56630,"date":"2018-06-13T00:50:30","date_gmt":"2018-06-13T03:50:30","guid":{"rendered":"http:\/\/portalcatolico.net\/portal\/?p=56630"},"modified":"2018-06-12T19:50:58","modified_gmt":"2018-06-12T22:50:58","slug":"13-de-junho-dia-de-celebrar-santo-antonio","status":"publish","type":"post","link":"http:\/\/portalcatolico.net\/portal\/13-de-junho-dia-de-celebrar-santo-antonio\/","title":{"rendered":"13 de junho: dia de celebrar Santo Ant\u00f4nio!"},"content":{"rendered":"<p style=\"font-weight: 400;\">Santo Ant\u00f4nio \u00e9 um dos santos mais populares do Brasil. A devo\u00e7\u00e3o foi&nbsp;uma heran\u00e7a dos portugueses. Fernando Ant\u00f4nio de Bulh\u00f5es,&nbsp;nasceu em Lisboa, Portugal.<\/p>\n<p style=\"font-weight: 400;\">Aos 19 anos entrou para o&nbsp;Mosteiro de S\u00e3o Vicente dos C\u00f4negos Regulares de Santo Agostinho. Em&nbsp;<br \/>\nCoimbra, foi ordenado sacerdote. Logo se viu o dom da palavra que&nbsp;transbordava do jovem padre agostiniano. Ele tinha conhecimento e grande&nbsp;poder de prega\u00e7\u00e3o. Na cidade, o Padre Ant\u00f4nio conhece os freis&nbsp;<br \/>\nfranciscanos. E, pouco depois, torna-se Frei Ant\u00f4nio.<br \/>\nSanto Ant\u00f4nio faz o pedido de ir para o Marrocos pregar o evangelho e os&nbsp;Franciscanos permitem. No meio do caminho, por\u00e9m, fica muito doente e \u00e9&nbsp;for\u00e7ado a voltar para Portugal.&nbsp;<\/p>\n<p style=\"font-weight: 400;\">Na viagem de volta, o barco \u00e9 desviado e&nbsp;vai para It\u00e1lia, terminando por parar na Sic\u00edlia, em um grande encontro&nbsp;<br \/>\nde mais de 5 mil frades franciscanos chamado Cap\u00edtulo das Esteiras. L\u00e1,&nbsp;Ant\u00f4nio conhece pessoalmente S\u00e3o Francisco de Assis.<br \/>\nProtetor das coisas perdidas. Protetor dos casamentos. Protetor dos&nbsp;pobres. \u00c9 o Santo dos milagres. Fez muitos ainda em vida. Durante suas&nbsp;prega\u00e7\u00f5es nas pra\u00e7as e igrejas, muitos cegos, surdos, coxos e muitos&nbsp;doentes ficavam curados. Redigiu os Serm\u00f5es, tratados sobre a quaresma e&nbsp;os evangelhos, que est\u00e3o impressos em dois grandes volumes de sua obra.<br \/>\nSanto Ant\u00f4nio morreu em P\u00e1dua, na It\u00e1lia, em 13 de junho de 1231, com 36&nbsp;anos. Por isso, ele \u00e9 conhecido tamb\u00e9m como Santo Ant\u00f4nio de P\u00e1dua.&nbsp;<\/p>\n","protected":false},"excerpt":{"rendered":"<p>Santo Ant\u00f4nio \u00e9 um dos santos mais populares do Brasil. A devo\u00e7\u00e3o foi&nbsp;uma heran\u00e7a dos portugueses. Fernando Ant\u00f4nio de Bulh\u00f5es,&nbsp;nasceu em Lisboa, Portugal. Aos 19 anos entrou para o&nbsp;Mosteiro de S\u00e3o Vicente dos C\u00f4negos Regulares de Santo Agostinho. Em&nbsp; Coimbra, foi ordenado sacerdote. Logo se viu o dom da palavra que&nbsp;transbordava do jovem padre agostiniano.&nbsp;<\/p>\n<p><a class=\"btn btn-style\" href=\"http:\/\/portalcatolico.net\/portal\/13-de-junho-dia-de-celebrar-santo-antonio\/\">Continue Reading<\/a><\/p>\n","protected":false},"author":2,"featured_media":56631,"comment_status":"open","ping_status":"open","sticky":false,"template":"","format":"standard","meta":{"footnotes":""},"categories":[4],"tags":[],"class_list":["post-56630","post","type-post","status-publish","format-standard","has-post-thumbnail","hentry","category-destaques"],"_links":{"self":[{"href":"http:\/\/portalcatolico.net\/portal\/wp-json\/wp\/v2\/posts\/56630","targetHints":{"allow":["GET"]}}],"collection":[{"href":"http:\/\/portalcatolico.net\/portal\/wp-json\/wp\/v2\/posts"}],"about":[{"href":"http:\/\/portalcatolico.net\/portal\/wp-json\/wp\/v2\/types\/post"}],"author":[{"embeddable":true,"href":"http:\/\/portalcatolico.net\/portal\/wp-json\/wp\/v2\/users\/2"}],"replies":[{"embeddable":true,"href":"http:\/\/portalcatolico.net\/portal\/wp-json\/wp\/v2\/comments?post=56630"}],"version-history":[{"count":1,"href":"http:\/\/portalcatolico.net\/portal\/wp-json\/wp\/v2\/posts\/56630\/revisions"}],"predecessor-version":[{"id":56632,"href":"http:\/\/portalcatolico.net\/portal\/wp-json\/wp\/v2\/posts\/56630\/revisions\/56632"}],"wp:featuredmedia":[{"embeddable":true,"href":"http:\/\/portalcatolico.net\/portal\/wp-json\/wp\/v2\/media\/56631"}],"wp:attachment":[{"href":"http:\/\/portalcatolico.net\/portal\/wp-json\/wp\/v2\/media?parent=56630"}],"wp:term":[{"taxonomy":"category","embeddable":true,"href":"http:\/\/portalcatolico.net\/portal\/wp-json\/wp\/v2\/categories?post=56630"},{"taxonomy":"post_tag","embeddable":true,"href":"http:\/\/portalcatolico.net\/portal\/wp-json\/wp\/v2\/tags?post=56630"}],"curies":[{"name":"wp","href":"https:\/\/api.w.org\/{rel}","templated":true}]}}