{"id":56627,"date":"2018-06-12T18:46:13","date_gmt":"2018-06-12T21:46:13","guid":{"rendered":"http:\/\/portalcatolico.net\/portal\/?p=56627"},"modified":"2018-06-12T18:46:13","modified_gmt":"2018-06-12T21:46:13","slug":"em-minas-gerais-cinco-seminaristas-sao-ordenados-diaconos-transitorios","status":"publish","type":"post","link":"http:\/\/portalcatolico.net\/portal\/em-minas-gerais-cinco-seminaristas-sao-ordenados-diaconos-transitorios\/","title":{"rendered":"Em Minas Gerais, cinco seminaristas s\u00e3o ordenados di\u00e1conos transit\u00f3rios"},"content":{"rendered":"<p>Cinco seminaristas da Arquidiocese de Belo Horizonte foram ordenados di\u00e1conos transit\u00f3rios, na manh\u00e3 do \u00faltimo s\u00e1bado, 9 de junho, no Santu\u00e1rio Arquidiocesano S\u00e3o Judas Tadeu.<\/p>\n<div id=\"noticiafull\">\n<p>Centenas de fi\u00e9is, padres, religiosos e representantes de diversas comunidades de f\u00e9 acompanharam a cerim\u00f4nia, presidida pelo Arcebispo Dom Walmor Oliveira de Azevedo.<\/p>\n<p>Os jovens ordenados di\u00e1conos foram Alisson Vinicius Ferreira de Oliveira, Fernando Ant\u00f4nio Fagundes, Fl\u00e1vio Alves Ribeiro, Leonardo Bruno Dias e Thiago Augusto da Costa Silva Lopes.<\/p>\n<p>Em sua homilia, ao ressaltar que as melhores escolhas da vida s\u00e3o aquelas inspiradas por Deus, Dom Walmor afirmou que precisamos entregar nossa vida a Ele. &#8220;Permanecer na alian\u00e7a com Deus s\u00f3 \u00e9 poss\u00edvel na medida em que nos tornamos servidores&#8221;, refletiu o prelado.<\/p>\n<p>Ap\u00f3s um longo per\u00edodo de estudos, est\u00e1gios pastorais e acompanhamento dentro do Semin\u00e1rio Arquidiocesano Cora\u00e7\u00e3o Eucar\u00edstico de Jesus, os seminaristas tornam-se di\u00e1conos transit\u00f3rios para o servi\u00e7o \u00e0 Igreja de Deus. Agora, eles permanecer\u00e3o nesse grau do Sacramento da Ordem at\u00e9 o dia em que ser\u00e3o ordenados sacerdotes da Igreja Cat\u00f3lica.<\/p>\n<p>Um dos seminaristas que receberam o diaconato e que fez est\u00e1gio pastoral no Santu\u00e1rio em 2017, Fl\u00e1vio Alves Ribeiro classificou a celebra\u00e7\u00e3o do \u00faltimo s\u00e1bado como um coroamento de uma jornada.<\/p>\n<p>&#8220;Tenho gratid\u00e3o a Deus por este momento, que coroa essa op\u00e7\u00e3o de Deus por mim e minha por Ele&#8221;, declarou o di\u00e1cono rec\u00e9m-ordenado.&nbsp;<\/p>\n<p>Com informa\u00e7\u00f5es do Santu\u00e1rio Arquidiocesano S\u00e3o Judas Tadeu e Gaudium Press<\/p>\n<\/div>\n<div id=\"noticiafullImpr\">\n<div id=\"logoGaudium\">&nbsp;<\/div>\n<div id=\"titulonoticia3\">&nbsp;<\/div>\n<div id=\"contentImpr\">\n<p>&nbsp;<\/p>\n<div id=\"cr\">\n<\/div>\n<\/div>\n<\/div>\n<div class=\"gp-span-27\">&nbsp;<\/div>\n","protected":false},"excerpt":{"rendered":"<p>Cinco seminaristas da Arquidiocese de Belo Horizonte foram ordenados di\u00e1conos transit\u00f3rios, na manh\u00e3 do \u00faltimo s\u00e1bado, 9 de junho, no Santu\u00e1rio Arquidiocesano S\u00e3o Judas Tadeu. Centenas de fi\u00e9is, padres, religiosos e representantes de diversas comunidades de f\u00e9 acompanharam a cerim\u00f4nia, presidida pelo Arcebispo Dom Walmor Oliveira de Azevedo. Os jovens ordenados di\u00e1conos foram Alisson Vinicius&nbsp;<\/p>\n<p><a class=\"btn btn-style\" href=\"http:\/\/portalcatolico.net\/portal\/em-minas-gerais-cinco-seminaristas-sao-ordenados-diaconos-transitorios\/\">Continue Reading<\/a><\/p>\n","protected":false},"author":2,"featured_media":56628,"comment_status":"open","ping_status":"open","sticky":false,"template":"","format":"standard","meta":{"footnotes":""},"categories":[3],"tags":[],"class_list":["post-56627","post","type-post","status-publish","format-standard","has-post-thumbnail","hentry","category-noticias_regionais"],"_links":{"self":[{"href":"http:\/\/portalcatolico.net\/portal\/wp-json\/wp\/v2\/posts\/56627","targetHints":{"allow":["GET"]}}],"collection":[{"href":"http:\/\/portalcatolico.net\/portal\/wp-json\/wp\/v2\/posts"}],"about":[{"href":"http:\/\/portalcatolico.net\/portal\/wp-json\/wp\/v2\/types\/post"}],"author":[{"embeddable":true,"href":"http:\/\/portalcatolico.net\/portal\/wp-json\/wp\/v2\/users\/2"}],"replies":[{"embeddable":true,"href":"http:\/\/portalcatolico.net\/portal\/wp-json\/wp\/v2\/comments?post=56627"}],"version-history":[{"count":1,"href":"http:\/\/portalcatolico.net\/portal\/wp-json\/wp\/v2\/posts\/56627\/revisions"}],"predecessor-version":[{"id":56629,"href":"http:\/\/portalcatolico.net\/portal\/wp-json\/wp\/v2\/posts\/56627\/revisions\/56629"}],"wp:featuredmedia":[{"embeddable":true,"href":"http:\/\/portalcatolico.net\/portal\/wp-json\/wp\/v2\/media\/56628"}],"wp:attachment":[{"href":"http:\/\/portalcatolico.net\/portal\/wp-json\/wp\/v2\/media?parent=56627"}],"wp:term":[{"taxonomy":"category","embeddable":true,"href":"http:\/\/portalcatolico.net\/portal\/wp-json\/wp\/v2\/categories?post=56627"},{"taxonomy":"post_tag","embeddable":true,"href":"http:\/\/portalcatolico.net\/portal\/wp-json\/wp\/v2\/tags?post=56627"}],"curies":[{"name":"wp","href":"https:\/\/api.w.org\/{rel}","templated":true}]}}