{"id":56620,"date":"2018-06-11T23:57:07","date_gmt":"2018-06-12T02:57:07","guid":{"rendered":"http:\/\/portalcatolico.net\/portal\/?p=56620"},"modified":"2018-06-12T06:03:23","modified_gmt":"2018-06-12T09:03:23","slug":"paroquia-sao-judas-tadeu-celebra-santo-antonio","status":"publish","type":"post","link":"http:\/\/portalcatolico.net\/portal\/paroquia-sao-judas-tadeu-celebra-santo-antonio\/","title":{"rendered":"Par\u00f3quia  S\u00e3o Judas Tadeu celebra Santo Ant\u00f4nio"},"content":{"rendered":"<p style=\"font-weight: 400;\">Com o tema central da festa de 2018: &#8220;Crist\u00e3os leigos&nbsp; e leigas na Igreja&nbsp;&nbsp;e na sociedade: Sal da terra e luz do Mundo&#8221;,&nbsp;&nbsp;fieis da Par\u00f3quia&nbsp;<br \/>\nS\u00e3o Judas Tadeu, da Diocese de Itabuna, no sul da Bahia, iniciou no dia&nbsp;1\u00ba deste m\u00eas, as comemora\u00e7\u00f5es em louvor ao Glorioso Santo Ant\u00f4nio, que&nbsp;<br \/>\nser\u00e3o estendidas at\u00e9 o dia 13 de junho.<\/p>\n<p style=\"font-weight: 400;\">Todas as noites da festa, est\u00e1&nbsp;sendo&nbsp; rezado o Santo Ter\u00e7o, \u00e0s 17h50 e \u00e0s 18h30 \u00e9 celebrada&nbsp; a&nbsp;celebra\u00e7\u00e3o da Santa Eucaristia.<br \/>\nNesta&nbsp; segunda-feira (11), o sub-tema da 11\u00aa noite foi: &#8221; Crist\u00e3o&nbsp;trabalhando&nbsp; na cultura do encontro&#8221;&nbsp; e o convidado foi o reitor do&nbsp;<br \/>\nSemin\u00e1rio Proped\u00eautico da Diocese de Itabuna, o padre Adriano Fernandes&nbsp;e p\u00e1roco da par\u00f3quia Nossa Senhora da Concei\u00e7\u00e3o. Na homilia, padre Adriano disse: &#8220;S\u00f3 \u00e9 poss\u00edvel chegarmos \u00e0 eternidade se esta vida nos promover encontro com o Senhor. Este encontro com o Senhor nos ajuda a identific\u00e1-lo, a reconhec\u00ea-lo, nos ajuda a querer permanecer com Ele&#8221;.<\/p>\n<p style=\"font-weight: 400;\">&nbsp;A santa&nbsp;missa teve in\u00edcio \u00e0s 18h30 e foi presidida pelo&nbsp;&nbsp;Pe. Adriano e&nbsp;concelebrada pelo Pe. H\u00e9lio (Neo catecumenato) e o Pe. Ac\u00e1ssio Alves&nbsp;<br \/>\n(p\u00e1roco da Par\u00f3quia s\u00e3o Judas Tadeu),al\u00e9m dos seminaristas.<br \/>\nNesta ter\u00e7a-feira, dia 12, continuam os preparativos para o grande dia festivo.<br \/>\nConfira a programa\u00e7\u00e3o especial do dia 13:<br \/>\n06h:Alvorada<\/p>\n<p style=\"font-weight: 400;\">07h e 12h: missas festivas<\/p>\n<p style=\"font-weight: 400;\">18h30: Missa Solene-celebra\u00e7\u00e3o&nbsp;campal seguida de prociss\u00e3o<br \/>\nO Santu\u00e1rio Santo&nbsp;&nbsp;Ant\u00f4nio situa-se na Avenida do&nbsp;Cinquenten\u00e1rio, n\u00famero 308.<\/p>\n<p style=\"font-weight: 400;\">Participe!<\/p>\n<p><a href=\"https:\/\/www.facebook.com\/portalcatolicooficial\/\"><span style=\"color: #ff0000;\">GALERIA DE FOTOS<\/span><\/a><\/p>\n<p>Texto:Reda\u00e7\u00e3o\/Portal Cat\u00f3lico.Net<\/p>\n","protected":false},"excerpt":{"rendered":"<p>Com o tema central da festa de 2018: &#8220;Crist\u00e3os leigos&nbsp; e leigas na Igreja&nbsp;&nbsp;e na sociedade: Sal da terra e luz do Mundo&#8221;,&nbsp;&nbsp;fieis da Par\u00f3quia&nbsp; S\u00e3o Judas Tadeu, da Diocese de Itabuna, no sul da Bahia, iniciou no dia&nbsp;1\u00ba deste m\u00eas, as comemora\u00e7\u00f5es em louvor ao Glorioso Santo Ant\u00f4nio, que&nbsp; ser\u00e3o estendidas at\u00e9 o dia&nbsp;<\/p>\n<p><a class=\"btn btn-style\" href=\"http:\/\/portalcatolico.net\/portal\/paroquia-sao-judas-tadeu-celebra-santo-antonio\/\">Continue Reading<\/a><\/p>\n","protected":false},"author":2,"featured_media":56625,"comment_status":"open","ping_status":"open","sticky":false,"template":"","format":"standard","meta":{"footnotes":""},"categories":[68],"tags":[],"class_list":["post-56620","post","type-post","status-publish","format-standard","has-post-thumbnail","hentry","category-homilias"],"_links":{"self":[{"href":"http:\/\/portalcatolico.net\/portal\/wp-json\/wp\/v2\/posts\/56620","targetHints":{"allow":["GET"]}}],"collection":[{"href":"http:\/\/portalcatolico.net\/portal\/wp-json\/wp\/v2\/posts"}],"about":[{"href":"http:\/\/portalcatolico.net\/portal\/wp-json\/wp\/v2\/types\/post"}],"author":[{"embeddable":true,"href":"http:\/\/portalcatolico.net\/portal\/wp-json\/wp\/v2\/users\/2"}],"replies":[{"embeddable":true,"href":"http:\/\/portalcatolico.net\/portal\/wp-json\/wp\/v2\/comments?post=56620"}],"version-history":[{"count":3,"href":"http:\/\/portalcatolico.net\/portal\/wp-json\/wp\/v2\/posts\/56620\/revisions"}],"predecessor-version":[{"id":56624,"href":"http:\/\/portalcatolico.net\/portal\/wp-json\/wp\/v2\/posts\/56620\/revisions\/56624"}],"wp:featuredmedia":[{"embeddable":true,"href":"http:\/\/portalcatolico.net\/portal\/wp-json\/wp\/v2\/media\/56625"}],"wp:attachment":[{"href":"http:\/\/portalcatolico.net\/portal\/wp-json\/wp\/v2\/media?parent=56620"}],"wp:term":[{"taxonomy":"category","embeddable":true,"href":"http:\/\/portalcatolico.net\/portal\/wp-json\/wp\/v2\/categories?post=56620"},{"taxonomy":"post_tag","embeddable":true,"href":"http:\/\/portalcatolico.net\/portal\/wp-json\/wp\/v2\/tags?post=56620"}],"curies":[{"name":"wp","href":"https:\/\/api.w.org\/{rel}","templated":true}]}}