{"id":56617,"date":"2018-06-11T21:42:56","date_gmt":"2018-06-12T00:42:56","guid":{"rendered":"http:\/\/portalcatolico.net\/portal\/?p=56617"},"modified":"2018-06-11T21:42:56","modified_gmt":"2018-06-12T00:42:56","slug":"ha-110-anos-nasceu-sao-francisco-marto-o-pastorinho-que-viu-nossa-senhora","status":"publish","type":"post","link":"http:\/\/portalcatolico.net\/portal\/ha-110-anos-nasceu-sao-francisco-marto-o-pastorinho-que-viu-nossa-senhora\/","title":{"rendered":"H\u00e1 110 anos nasceu S\u00e3o Francisco Marto, o pastorinho que viu Nossa Senhora"},"content":{"rendered":"<h2 class=\"subtitle\">Ele nasceu em 11 de junho de 1908. Menos de 10 anos depois, receberia a extraordin\u00e1ria visita da Virgem Sant\u00edssima de F\u00e1tima!<\/h2>\n<p>Um dos tr\u00eas pastorinhos e videntes de F\u00e1tima,&nbsp;<strong>S\u00e3o Francisco Marto<\/strong>, completaria nesta segunda-feira, 11 de junho, 110 anos. Conforme indica o Santu\u00e1rio da Cova da Iria, seu nascimento \u00e9 evocado de modo especial nas celebra\u00e7\u00f5es de hoje.<\/p>\n<figure class=\"aligncenter\"><img loading=\"lazy\" decoding=\"async\" class=\"aligncenter\" src=\"https:\/\/i0.wp.com\/res.cloudinary.com\/aleteia\/image\/fetch\/c_fill,g_auto\/https:\/\/aleteiaportuguese.files.wordpress.com\/2018\/06\/fatima_children_with_rosaries-1.jpg%3Fw%3D1200?quality=100&amp;strip=all&amp;ssl=1\" alt=\"\" width=\"700\" height=\"450\" data-lazy-loaded=\"true\"><\/p>\n<footer><small>PD<\/small><\/footer><figcaption>Pastorinhos com o ter\u00e7o.<\/figcaption><\/figure>\n<p>Francisco Marto nasceu em 11 de junho de 1908 e foi batizado em 20 de junho na Igreja Paroquial de F\u00e1tima. Com apenas 8 anos, come\u00e7ou a pastorear o rebanho de seus pais junto com sua irm\u00e3, Jacinta Marto, na regi\u00e3o da Cova da Iria.<\/p>\n<p>Neste local, os dois e sua prima L\u00facia testemunharam as apari\u00e7\u00f5es da Nossa Senhora, entre maio e outubro de 1917, quando a Virgem lhes transmitiu uma mensagem de penit\u00eancia e convers\u00e3o.<\/p>\n<p>Logo depois das apari\u00e7\u00f5es, Jacinta e Francisco seguiram sua vida normal. L\u00facia foi para a escola, tal como pediu a Virgem, e era acompanhada por seus primos. No caminho, passavam pela Igreja e saudavam Jesus Eucar\u00edstico.<\/p>\n<p>Francisco, sabendo que n\u00e3o viveria muito tempo e levado pelo desejo de consolar o cora\u00e7\u00e3o de Jesus, dizia:<\/p>\n<blockquote><p><em>\u201cV\u00e3o voc\u00eas ao col\u00e9gio, eu ficarei aqui com o Jesus Escondido\u201d.<\/em><\/p><\/blockquote>\n<p>Ao sair do col\u00e9gio, as meninas o encontravam o mais perto poss\u00edvel do Tabern\u00e1culo e em recolhimento.<\/p>\n<div class=\"nativo-inread\">&nbsp;<\/div>\n<figure class=\"aligncenter\"><img loading=\"lazy\" decoding=\"async\" class=\"aligncenter\" src=\"https:\/\/i0.wp.com\/res.cloudinary.com\/aleteia\/image\/fetch\/c_fill,g_auto,w_1024\/https:\/\/aleteiaportuguese.files.wordpress.com\/2017\/05\/web-francisco-marto-jacinta-portugal-public-domain.jpg%3Fw%3D1200?quality=100&amp;strip=all&amp;ssl=1\" alt=\"\" width=\"677\" height=\"339\" data-lazy-loaded=\"true\"><\/p>\n<footer><small>Public Domain<\/small><\/footer>\n<\/figure>\n<p>O pequeno Francisco era o mais contemplativo e queria consolar Deus, t\u00e3o ofendido pelos pecados da humanidade. Em uma ocasi\u00e3o, L\u00facia lhe perguntou:<\/p>\n<blockquote><p><em>\u201cFrancisco, o que prefere, consolar o Senhor ou converter os pecadores?\u201d<\/em><\/p><\/blockquote>\n<p>Ele respondeu:<\/p>\n<blockquote><p><em>\u201cEu prefiro consolar o Senhor. N\u00e3o viu como estava triste Nossa Senhora quando nos disse que os homens n\u00e3o devem ofender mais o Senhor, que j\u00e1 est\u00e1 t\u00e3o ofendido? Eu gostaria de consolar o Senhor e, depois, converter os pecadores para que eles n\u00e3o ofendam mais ao Senhor. Logo estarei no c\u00e9u. E quando chegar, vou consolar muito Nosso Senhor e Nossa Senhora\u201d.<\/em><\/p><\/blockquote>\n<p>Em 18 de outubro de 1918, Francisco adoeceu, v\u00edtima da gripe pneum\u00f4nica, conhecida como gripe espanhola, que assolou Portugal, causando a morte de dezenas de milhares de pessoas.<\/p>\n<p>Conforme recorda o Santu\u00e1rio de F\u00e1tima, no ano seguinte, em 2 de abril, Francisco se confessou e recebeu a comunh\u00e3o pela \u00faltima vez \u201c<em>com grande lucidez e piedade<\/em>\u201d, como escreve o p\u00e1roco de F\u00e1tima no Livro de \u00d3bitos, ao registar a sua morte, em 4 de abril. \u201c<em>E confirmou que tinha visto uma Senhora na Cova da Iria e Valinho<\/em>\u201d, acrescentou o sacerdote.<\/p>\n<p>O corpo do pequeno Francisco foi sepultado no cemit\u00e9rio de F\u00e1tima, de onde seus restos foram exumados em 17 de fevereiro de 1952 e transladados para a Bas\u00edlica de Nossa Senhora do Ros\u00e1rio de F\u00e1tima, em 13 de mar\u00e7o de 1952, onde se encontra atualmente.<\/p>\n<p>Francisco Marto foi canonizado juntamente com sua irm\u00e3 Jacinta Marto pelo Papa Francisco, em 13 de maio de 2017, no marco das comemora\u00e7\u00f5es do centen\u00e1rio das apari\u00e7\u00f5es de Nossa Senhora de F\u00e1tima.<\/p>\n<p>A canoniza\u00e7\u00e3o se deu ap\u00f3s o Pont\u00edfice aprovar o decreto que reconheceu o milagre por intercess\u00e3o dos pastorinhos do menino brasileiro Lucas, ap\u00f3s ter ca\u00eddo de uma janela a 6,5 metros de altura e ter ficado em coma.ACI Digital)<\/p>\n","protected":false},"excerpt":{"rendered":"<p>Ele nasceu em 11 de junho de 1908. Menos de 10 anos depois, receberia a extraordin\u00e1ria visita da Virgem Sant\u00edssima de F\u00e1tima! Um dos tr\u00eas pastorinhos e videntes de F\u00e1tima,&nbsp;S\u00e3o Francisco Marto, completaria nesta segunda-feira, 11 de junho, 110 anos. Conforme indica o Santu\u00e1rio da Cova da Iria, seu nascimento \u00e9 evocado de modo especial&nbsp;<\/p>\n<p><a class=\"btn btn-style\" href=\"http:\/\/portalcatolico.net\/portal\/ha-110-anos-nasceu-sao-francisco-marto-o-pastorinho-que-viu-nossa-senhora\/\">Continue Reading<\/a><\/p>\n","protected":false},"author":2,"featured_media":56618,"comment_status":"open","ping_status":"open","sticky":false,"template":"","format":"standard","meta":{"footnotes":""},"categories":[5],"tags":[],"class_list":["post-56617","post","type-post","status-publish","format-standard","has-post-thumbnail","hentry","category-igreja_no_mundo"],"_links":{"self":[{"href":"http:\/\/portalcatolico.net\/portal\/wp-json\/wp\/v2\/posts\/56617","targetHints":{"allow":["GET"]}}],"collection":[{"href":"http:\/\/portalcatolico.net\/portal\/wp-json\/wp\/v2\/posts"}],"about":[{"href":"http:\/\/portalcatolico.net\/portal\/wp-json\/wp\/v2\/types\/post"}],"author":[{"embeddable":true,"href":"http:\/\/portalcatolico.net\/portal\/wp-json\/wp\/v2\/users\/2"}],"replies":[{"embeddable":true,"href":"http:\/\/portalcatolico.net\/portal\/wp-json\/wp\/v2\/comments?post=56617"}],"version-history":[{"count":1,"href":"http:\/\/portalcatolico.net\/portal\/wp-json\/wp\/v2\/posts\/56617\/revisions"}],"predecessor-version":[{"id":56619,"href":"http:\/\/portalcatolico.net\/portal\/wp-json\/wp\/v2\/posts\/56617\/revisions\/56619"}],"wp:featuredmedia":[{"embeddable":true,"href":"http:\/\/portalcatolico.net\/portal\/wp-json\/wp\/v2\/media\/56618"}],"wp:attachment":[{"href":"http:\/\/portalcatolico.net\/portal\/wp-json\/wp\/v2\/media?parent=56617"}],"wp:term":[{"taxonomy":"category","embeddable":true,"href":"http:\/\/portalcatolico.net\/portal\/wp-json\/wp\/v2\/categories?post=56617"},{"taxonomy":"post_tag","embeddable":true,"href":"http:\/\/portalcatolico.net\/portal\/wp-json\/wp\/v2\/tags?post=56617"}],"curies":[{"name":"wp","href":"https:\/\/api.w.org\/{rel}","templated":true}]}}