{"id":56614,"date":"2018-06-10T23:03:57","date_gmt":"2018-06-11T02:03:57","guid":{"rendered":"http:\/\/portalcatolico.net\/portal\/?p=56614"},"modified":"2018-06-10T23:03:57","modified_gmt":"2018-06-11T02:03:57","slug":"paroquia-santa-rita-de-cassia-celebra-santo-antonio","status":"publish","type":"post","link":"http:\/\/portalcatolico.net\/portal\/paroquia-santa-rita-de-cassia-celebra-santo-antonio\/","title":{"rendered":"Par\u00f3quia Santa Rita de C\u00e1ssia celebra Santo Ant\u00f4nio"},"content":{"rendered":"<p style=\"font-weight: 400;\"><em>A Par\u00f3quia Santa Rita de C\u00e1ssia na Diocese de Itabuna, no sul baiano, est\u00e1 realizando o Tr\u00edduo em honra e louvor ao Glorioso Santo Ant\u00f4nio. As celebra\u00e7\u00f5es tiveram in\u00edcio neste domingo, 10, e segue at\u00e9 o grande dia festivo, 13 de junho.<\/em><\/p>\n<p style=\"font-weight: 400;\"><em>Neste domingo (10) a santa missa teve inicio \u00e0s 19h, e foi presidida pelo Frei Carlos In\u00e1cio e concelebrada pelo Frei Jos\u00e9 Genilton (p\u00e1roco da Igreja matriz de Santa Rita de C\u00e1ssia). O Tr\u00edduo em prepara\u00e7\u00e3o para festejar Santo Ant\u00f4nio segue todas as noites sempre \u00e0s 19h.<\/em><\/p>\n<p style=\"font-weight: 400;\"><em>O tema \u00e9: \u201cA exemplo de Santo Ant\u00f4nio sejamos sal da Terra e Luz do Mundo\u201d. Vale ressaltar que Junho \u00e9 um m\u00eas de muitas celebra\u00e7\u00f5es, recorda-se&nbsp;&nbsp;tamb\u00e9m S\u00e3o Pedro e S\u00e3o Paulo (dia 29), S\u00e3o Jo\u00e3o Batista (dia 24). \u00c9 um tempo prop\u00edcio para reunir a fam\u00edlia, os amigos e, em torno \u00e0s calorosas fogueiras, alimentarmos os la\u00e7os da familiaridade e aquecer nossas amizades por meio de nossos Santos festeiros.<\/em><\/p>\n<p>Texto e foto:Portal Cat\u00f3lico.Net<\/p>\n","protected":false},"excerpt":{"rendered":"<p>A Par\u00f3quia Santa Rita de C\u00e1ssia na Diocese de Itabuna, no sul baiano, est\u00e1 realizando o Tr\u00edduo em honra e louvor ao Glorioso Santo Ant\u00f4nio. As celebra\u00e7\u00f5es tiveram in\u00edcio neste domingo, 10, e segue at\u00e9 o grande dia festivo, 13 de junho. Neste domingo (10) a santa missa teve inicio \u00e0s 19h, e foi presidida&nbsp;<\/p>\n<p><a class=\"btn btn-style\" href=\"http:\/\/portalcatolico.net\/portal\/paroquia-santa-rita-de-cassia-celebra-santo-antonio\/\">Continue Reading<\/a><\/p>\n","protected":false},"author":2,"featured_media":56615,"comment_status":"open","ping_status":"open","sticky":false,"template":"","format":"standard","meta":{"footnotes":""},"categories":[4],"tags":[],"class_list":["post-56614","post","type-post","status-publish","format-standard","has-post-thumbnail","hentry","category-destaques"],"_links":{"self":[{"href":"http:\/\/portalcatolico.net\/portal\/wp-json\/wp\/v2\/posts\/56614","targetHints":{"allow":["GET"]}}],"collection":[{"href":"http:\/\/portalcatolico.net\/portal\/wp-json\/wp\/v2\/posts"}],"about":[{"href":"http:\/\/portalcatolico.net\/portal\/wp-json\/wp\/v2\/types\/post"}],"author":[{"embeddable":true,"href":"http:\/\/portalcatolico.net\/portal\/wp-json\/wp\/v2\/users\/2"}],"replies":[{"embeddable":true,"href":"http:\/\/portalcatolico.net\/portal\/wp-json\/wp\/v2\/comments?post=56614"}],"version-history":[{"count":1,"href":"http:\/\/portalcatolico.net\/portal\/wp-json\/wp\/v2\/posts\/56614\/revisions"}],"predecessor-version":[{"id":56616,"href":"http:\/\/portalcatolico.net\/portal\/wp-json\/wp\/v2\/posts\/56614\/revisions\/56616"}],"wp:featuredmedia":[{"embeddable":true,"href":"http:\/\/portalcatolico.net\/portal\/wp-json\/wp\/v2\/media\/56615"}],"wp:attachment":[{"href":"http:\/\/portalcatolico.net\/portal\/wp-json\/wp\/v2\/media?parent=56614"}],"wp:term":[{"taxonomy":"category","embeddable":true,"href":"http:\/\/portalcatolico.net\/portal\/wp-json\/wp\/v2\/categories?post=56614"},{"taxonomy":"post_tag","embeddable":true,"href":"http:\/\/portalcatolico.net\/portal\/wp-json\/wp\/v2\/tags?post=56614"}],"curies":[{"name":"wp","href":"https:\/\/api.w.org\/{rel}","templated":true}]}}