{"id":56608,"date":"2018-06-10T22:47:06","date_gmt":"2018-06-11T01:47:06","guid":{"rendered":"http:\/\/portalcatolico.net\/portal\/?p=56608"},"modified":"2018-06-10T23:01:05","modified_gmt":"2018-06-11T02:01:05","slug":"jovens-e-adultos-se-crismam-na-paroquia-santa-rita-de-cassia","status":"publish","type":"post","link":"http:\/\/portalcatolico.net\/portal\/jovens-e-adultos-se-crismam-na-paroquia-santa-rita-de-cassia\/","title":{"rendered":"Jovens e adultos se crismam na Par\u00f3quia Santa Rita de C\u00e1ssia"},"content":{"rendered":"<p>A Par\u00f3quia Santa Rita de C\u00e1ssia em Itabuna (BA) realizou no \u00faltimo&nbsp;<br \/>\ns\u00e1bado (09) o sacramento da Crisma de 33 jovens e adultos da comunidade.&nbsp;<br \/>\nA celebra\u00e7\u00e3o foi presidida pelo Bispo diocesano da Diocese de Itabuna,&nbsp;<br \/>\nDom Carlos Alberto dos Santos, \u00e0s 19h e concelebrada pelo p\u00e1roco da&nbsp;<br \/>\nIgreja matriz, Frei Jos\u00e9 Genilton Castro e Frei Carlos In\u00e1cio (Vig\u00e1rio&nbsp;<br \/>\nparoquial).&nbsp; Na celebra\u00e7\u00e3o, Dom Carlos Alberto dos Santos falou: &#8220;A Crisma \u00e9 o sacramento da confirma\u00e7\u00e3o da inser\u00e7\u00e3o. Inser\u00e7\u00e3o na comunidade, inser\u00e7\u00e3o no movimento pastoral para se tornar soldado de Jesus&#8221;.<\/p>\n<p>Os 33 jovens e adultos receberam a confirma\u00e7\u00e3o da Crisma,&nbsp;<br \/>\ndepois de um ano em prepara\u00e7\u00e3o.<br \/>\nA Crisma \u00e9 o sacramento em que se ratifica a gra\u00e7a do batismo. O jovem&nbsp;<br \/>\nou adulto recebe, atrav\u00e9s da a\u00e7\u00e3o do bispo, uma un\u00e7\u00e3o com a Crisma (\u00f3leo&nbsp;<br \/>\nde oliveira).<br \/>\nO Catecismo da Igreja Cat\u00f3lica ensina que a Crisma, pertence, juntamente&nbsp;<br \/>\ncom o batismo e a Eucaristia, aos tr\u00eas sacramentos da inicia\u00e7\u00e3o crist\u00e3&nbsp;<br \/>\nda Igreja Cat\u00f3lica.<br \/>\nA Confirma\u00e7\u00e3o \u00e9 o sacramento que completa o batismo e pelo qual&nbsp;<br \/>\nrecebemos o dom do Esp\u00edrito Santo. Quem se decide livremente por uma&nbsp;<br \/>\nvida como filho de Deus e pede o Par\u00e1clito, sob o sinal da imposi\u00e7\u00e3o das&nbsp;<br \/>\nm\u00e3os e da un\u00e7\u00e3o do \u00f3leo da Crisma, obt\u00e9m a for\u00e7a para testemunhar o amor&nbsp;<br \/>\ne o poder do Senhor com palavras e atos. O sacramento da Confirma\u00e7\u00e3o,&nbsp;<br \/>\njuntamente com os sacramentos do Batismo e da Eucaristia, constitui o&nbsp;<br \/>\nbloco dos sacramentos da inicia\u00e7\u00e3o crist\u00e3. \u00c9 o sacramento que confirma o&nbsp;<br \/>\nBatismo. Antes de receb\u00ea-lo, o crist\u00e3o j\u00e1 recebeu o Batismo, o Perd\u00e3o e&nbsp;<br \/>\no da Eucaristia.<\/p>\n<p><a href=\"http:\/\/portalcatolico.net\/portal\/crismados-2018-paroquia-santa-rita-de-cassia-de-itabuna\/\"><span style=\"color: #ff0000;\">GALERIA DE FOTOS<\/span><\/a><\/p>\n<p>Texto:Reda\u00e7\u00e3o\/Portal Cat\u00f3lico.Net<\/p>\n<p style=\"text-align: center;\"><em>&nbsp;<strong>ASSISTA O V\u00cdDEO&nbsp;<\/strong><\/em><\/p>\n<p><iframe loading=\"lazy\"  id=\"_ytid_30812\"  width=\"480\" height=\"270\"  data-origwidth=\"480\" data-origheight=\"270\" src=\"https:\/\/www.youtube.com\/embed\/id-HeZ5IcM0?enablejsapi=1&#038;autoplay=0&#038;cc_load_policy=0&#038;cc_lang_pref=&#038;iv_load_policy=1&#038;loop=0&#038;rel=1&#038;fs=1&#038;playsinline=0&#038;autohide=2&#038;theme=dark&#038;color=red&#038;controls=1&#038;disablekb=0&#038;\" class=\"__youtube_prefs__  epyt-is-override  no-lazyload\" title=\"YouTube player\"  allow=\"fullscreen; accelerometer; autoplay; clipboard-write; encrypted-media; gyroscope; picture-in-picture; web-share\" referrerpolicy=\"strict-origin-when-cross-origin\" allowfullscreen data-no-lazy=\"1\" data-skipgform_ajax_framebjll=\"\"><\/iframe><\/p>\n","protected":false},"excerpt":{"rendered":"<p>A Par\u00f3quia Santa Rita de C\u00e1ssia em Itabuna (BA) realizou no \u00faltimo&nbsp; s\u00e1bado (09) o sacramento da Crisma de 33 jovens e adultos da comunidade.&nbsp; A celebra\u00e7\u00e3o foi presidida pelo Bispo diocesano da Diocese de Itabuna,&nbsp; Dom Carlos Alberto dos Santos, \u00e0s 19h e concelebrada pelo p\u00e1roco da&nbsp; Igreja matriz, Frei Jos\u00e9 Genilton Castro e&nbsp;<\/p>\n<p><a class=\"btn btn-style\" href=\"http:\/\/portalcatolico.net\/portal\/jovens-e-adultos-se-crismam-na-paroquia-santa-rita-de-cassia\/\">Continue Reading<\/a><\/p>\n","protected":false},"author":2,"featured_media":56609,"comment_status":"open","ping_status":"open","sticky":false,"template":"","format":"standard","meta":{"footnotes":""},"categories":[68],"tags":[],"class_list":["post-56608","post","type-post","status-publish","format-standard","has-post-thumbnail","hentry","category-homilias"],"_links":{"self":[{"href":"http:\/\/portalcatolico.net\/portal\/wp-json\/wp\/v2\/posts\/56608","targetHints":{"allow":["GET"]}}],"collection":[{"href":"http:\/\/portalcatolico.net\/portal\/wp-json\/wp\/v2\/posts"}],"about":[{"href":"http:\/\/portalcatolico.net\/portal\/wp-json\/wp\/v2\/types\/post"}],"author":[{"embeddable":true,"href":"http:\/\/portalcatolico.net\/portal\/wp-json\/wp\/v2\/users\/2"}],"replies":[{"embeddable":true,"href":"http:\/\/portalcatolico.net\/portal\/wp-json\/wp\/v2\/comments?post=56608"}],"version-history":[{"count":4,"href":"http:\/\/portalcatolico.net\/portal\/wp-json\/wp\/v2\/posts\/56608\/revisions"}],"predecessor-version":[{"id":56613,"href":"http:\/\/portalcatolico.net\/portal\/wp-json\/wp\/v2\/posts\/56608\/revisions\/56613"}],"wp:featuredmedia":[{"embeddable":true,"href":"http:\/\/portalcatolico.net\/portal\/wp-json\/wp\/v2\/media\/56609"}],"wp:attachment":[{"href":"http:\/\/portalcatolico.net\/portal\/wp-json\/wp\/v2\/media?parent=56608"}],"wp:term":[{"taxonomy":"category","embeddable":true,"href":"http:\/\/portalcatolico.net\/portal\/wp-json\/wp\/v2\/categories?post=56608"},{"taxonomy":"post_tag","embeddable":true,"href":"http:\/\/portalcatolico.net\/portal\/wp-json\/wp\/v2\/tags?post=56608"}],"curies":[{"name":"wp","href":"https:\/\/api.w.org\/{rel}","templated":true}]}}