{"id":56604,"date":"2018-06-10T22:37:27","date_gmt":"2018-06-11T01:37:27","guid":{"rendered":"http:\/\/portalcatolico.net\/portal\/?p=56604"},"modified":"2018-06-10T22:37:27","modified_gmt":"2018-06-11T01:37:27","slug":"legiao-de-maria-celebra-60-anos-em-itabuna","status":"publish","type":"post","link":"http:\/\/portalcatolico.net\/portal\/legiao-de-maria-celebra-60-anos-em-itabuna\/","title":{"rendered":"Legi\u00e3o de Maria celebra 60 anos em Itabuna"},"content":{"rendered":"<p style=\"font-weight: 400;\">Foi com uma missa solene presidida pelo padre Gilvan Oliveira, p\u00e1roco da&nbsp;<\/p>\n<p style=\"font-weight: 400;\">Catedral S\u00e3o Jos\u00e9 da cidade e diocese de Itabuna, no sul da&nbsp;<\/p>\n<p style=\"font-weight: 400;\">Bahia, que os legion\u00e1rios da Legi\u00e3o de Maria comemoraram 60 anos de&nbsp;<\/p>\n<p style=\"font-weight: 400;\">miss\u00e3o em solo itabunense.<\/p>\n<p style=\"font-weight: 400;\">As comemora\u00e7\u00f5es iniciaram \u00e0s 16h. Teve&nbsp;<\/p>\n<p style=\"font-weight: 400;\">reza do Ter\u00e7o, palestra com di\u00e1cono Esmeraldo Sardinha, testemunhos,&nbsp;<\/p>\n<p style=\"font-weight: 400;\">santo of\u00edcio, missa, m\u00fasica, entre outro momentos de evangeliza\u00e7\u00e3o.<\/p>\n<p style=\"font-weight: 400;\">&nbsp;A&nbsp;santa missa foi realizada&nbsp; \u00e0s 18h, com a presid\u00eancia do Padre Gilvan&nbsp;<\/p>\n<p style=\"font-weight: 400;\">Oliveira (p\u00e1roco da Igreja matriz de S\u00e3o Jos\u00e9) e concelebrada pelo&nbsp;<\/p>\n<p style=\"font-weight: 400;\">Di\u00e1cono&nbsp; Esmeraldo Sardinha e o Frei Pe. Renato Fazi.<\/p>\n<p style=\"font-weight: 400;\">&#8220;O \u00e1pice dos crist\u00e3os cat\u00f3licos&nbsp;s\u00e3o: o ter\u00e7o e a Sagrada Eucaristia. Os cat\u00f3licos precisam rezar o ter\u00e7o todos os dias&nbsp;e participar da santa missa&#8221;, disse o Di\u00e1cono Esmeraldo Sardinha em sua&nbsp;<\/p>\n<p style=\"font-weight: 400;\">palestra.<\/p>\n<p style=\"font-weight: 400;\">A Legi\u00e3o de Maria \u00e9 conhecida em todo o mundo como uma associa\u00e7\u00e3o&nbsp;<\/p>\n<p style=\"font-weight: 400;\">internacional de fi\u00e9is da Igreja Cat\u00f3lica Apost\u00f3lica Romana formada por&nbsp;<\/p>\n<p style=\"font-weight: 400;\">leigos que servem de forma volunt\u00e1ria com o prop\u00f3sito de contribuir para&nbsp;<\/p>\n<p style=\"font-weight: 400;\">a a\u00e7\u00e3o evangelizadora da Igreja de Jesus Cristo, sob a prote\u00e7\u00e3o e&nbsp;<\/p>\n<p style=\"font-weight: 400;\">exemplo de Maria Sant\u00edssima.<\/p>\n<p style=\"font-weight: 400;\">O movimento chegou a Itabuna no ano de 1958. Itabuna ainda n\u00e3o tinha Diocese e pertencia&nbsp;<\/p>\n<p style=\"font-weight: 400;\">\u00e0 Diocese de Ilh\u00e9us. Os fundadores&nbsp; tiveram como miss\u00e3o,&nbsp;<\/p>\n<p style=\"font-weight: 400;\">evangelizar e levar Deus para os mais necessitados, tendo como exemplo a&nbsp;<\/p>\n<p style=\"font-weight: 400;\">caminhada de Maria.<\/p>\n<p style=\"font-weight: 400;\">O movimento conta com aproximadamente 2 mil&nbsp;<\/p>\n<p style=\"font-weight: 400;\">legion\u00e1rios na Diocese&nbsp; e abrange as 33 par\u00f3quias nos 19 munic\u00edpios do sul&nbsp;<\/p>\n<p style=\"font-weight: 400;\">da Bahia.<\/p>\n<p style=\"font-weight: 400;\">&#8220;A gente confia, a gente se entrega a Maria. E quem n\u00e3o \u00e9 mission\u00e1rio, procure se envolver, porque voc\u00ea vai ver como \u00e9 gratificante&#8221;, disse uma das legion\u00e1rias em um testemunho emocionante.<\/p>\n<p style=\"font-weight: 400;\">De acordo com a presidente da Legi\u00e3o de Maria, Janaina,&nbsp; a funda\u00e7\u00e3o&nbsp;<\/p>\n<p style=\"font-weight: 400;\">aconteceu no&nbsp; dia 11 de junho de 1958,e seus fundadores j\u00e1 est\u00e3o&nbsp;<\/p>\n<p style=\"font-weight: 400;\">no reino da Gl\u00f3ria e com Maria.<\/p>\n<p style=\"font-weight: 400;\">Para mais informa\u00e7\u00f5es sobre como integrar o grupo, entre em contato pelo<\/p>\n<p style=\"font-weight: 400;\">telefone da c\u00faria: (73) 3211-3520. Os hor\u00e1rios de reuni\u00e3o acontecem todas&nbsp;<\/p>\n<p style=\"font-weight: 400;\">as segundas- feira, sempre \u00e0s 15h30 ,nas depend\u00eancias da Catedral de S\u00e3o Jos\u00e9 em&nbsp;<\/p>\n<p style=\"font-weight: 400;\">Itabuna.<\/p>\n<p>Texto e fotos:Reda\u00e7\u00e3o\/Portal Cat\u00f3lico.Net<\/p>\n<p><img loading=\"lazy\" decoding=\"async\" class=\"wp-image-56606 aligncenter\" src=\"http:\/\/portalcatolico.net\/portal\/wp-content\/uploads\/2018\/06\/2-5-300x225.jpg\" alt=\"\" width=\"728\" height=\"546\" srcset=\"http:\/\/portalcatolico.net\/portal\/wp-content\/uploads\/2018\/06\/2-5-300x225.jpg 300w, http:\/\/portalcatolico.net\/portal\/wp-content\/uploads\/2018\/06\/2-5-768x576.jpg 768w, http:\/\/portalcatolico.net\/portal\/wp-content\/uploads\/2018\/06\/2-5.jpg 1000w\" sizes=\"auto, (max-width: 728px) 100vw, 728px\" \/><\/p>\n","protected":false},"excerpt":{"rendered":"<p>Foi com uma missa solene presidida pelo padre Gilvan Oliveira, p\u00e1roco da&nbsp; Catedral S\u00e3o Jos\u00e9 da cidade e diocese de Itabuna, no sul da&nbsp; Bahia, que os legion\u00e1rios da Legi\u00e3o de Maria comemoraram 60 anos de&nbsp; miss\u00e3o em solo itabunense. As comemora\u00e7\u00f5es iniciaram \u00e0s 16h. Teve&nbsp; reza do Ter\u00e7o, palestra com di\u00e1cono Esmeraldo Sardinha, testemunhos,&nbsp;&nbsp;<\/p>\n<p><a class=\"btn btn-style\" href=\"http:\/\/portalcatolico.net\/portal\/legiao-de-maria-celebra-60-anos-em-itabuna\/\">Continue Reading<\/a><\/p>\n","protected":false},"author":2,"featured_media":56605,"comment_status":"open","ping_status":"open","sticky":false,"template":"","format":"standard","meta":{"footnotes":""},"categories":[70],"tags":[],"class_list":["post-56604","post","type-post","status-publish","format-standard","has-post-thumbnail","hentry","category-testemunhos"],"_links":{"self":[{"href":"http:\/\/portalcatolico.net\/portal\/wp-json\/wp\/v2\/posts\/56604","targetHints":{"allow":["GET"]}}],"collection":[{"href":"http:\/\/portalcatolico.net\/portal\/wp-json\/wp\/v2\/posts"}],"about":[{"href":"http:\/\/portalcatolico.net\/portal\/wp-json\/wp\/v2\/types\/post"}],"author":[{"embeddable":true,"href":"http:\/\/portalcatolico.net\/portal\/wp-json\/wp\/v2\/users\/2"}],"replies":[{"embeddable":true,"href":"http:\/\/portalcatolico.net\/portal\/wp-json\/wp\/v2\/comments?post=56604"}],"version-history":[{"count":1,"href":"http:\/\/portalcatolico.net\/portal\/wp-json\/wp\/v2\/posts\/56604\/revisions"}],"predecessor-version":[{"id":56607,"href":"http:\/\/portalcatolico.net\/portal\/wp-json\/wp\/v2\/posts\/56604\/revisions\/56607"}],"wp:featuredmedia":[{"embeddable":true,"href":"http:\/\/portalcatolico.net\/portal\/wp-json\/wp\/v2\/media\/56605"}],"wp:attachment":[{"href":"http:\/\/portalcatolico.net\/portal\/wp-json\/wp\/v2\/media?parent=56604"}],"wp:term":[{"taxonomy":"category","embeddable":true,"href":"http:\/\/portalcatolico.net\/portal\/wp-json\/wp\/v2\/categories?post=56604"},{"taxonomy":"post_tag","embeddable":true,"href":"http:\/\/portalcatolico.net\/portal\/wp-json\/wp\/v2\/tags?post=56604"}],"curies":[{"name":"wp","href":"https:\/\/api.w.org\/{rel}","templated":true}]}}