{"id":56601,"date":"2018-06-09T22:19:42","date_gmt":"2018-06-10T01:19:42","guid":{"rendered":"http:\/\/portalcatolico.net\/portal\/?p=56601"},"modified":"2018-06-10T22:38:56","modified_gmt":"2018-06-11T01:38:56","slug":"paroquias-celebram-santo-antonio","status":"publish","type":"post","link":"http:\/\/portalcatolico.net\/portal\/paroquias-celebram-santo-antonio\/","title":{"rendered":"Par\u00f3quias celebram Santo Ant\u00f4nio"},"content":{"rendered":"<p>Est\u00e1 sendo realizada em cinco&nbsp; par\u00f3quias na Diocese de Itabuna, o Trezen\u00e1rio&nbsp;<br \/>\nde Santo Ant\u00f4nio, que teve in\u00edcio no dia 1\u00ba de junho e segue&nbsp;<br \/>\nat\u00e9 o dia&nbsp; 13, dia dedicado ao santo.<\/p>\n<p>As par\u00f3quias que est\u00e3o celebrando Santo Ant\u00f4nio s\u00e3o: Itoror\u00f3, Itaj\u00fa&nbsp; do&nbsp;<br \/>\nCol\u00f4nia, Firmino Alves. Em Itabuna,&nbsp; as par\u00f3quias ficam situada no bairro&nbsp;<br \/>\nSanto Ant\u00f4nio e na Avenida do Cinquenten\u00e1rio (que pertence \u00e0 par\u00f3quia S\u00e3o&nbsp;<br \/>\nJudas Tadeu).<\/p>\n<p>Na \u00faltima sexta-feira (08) o Bispo Dom Carlos Alberto presidiu a&nbsp;<br \/>\nsanta missa&nbsp; da 8\u00aa noite em prepara\u00e7\u00e3o pra a festa do padroeiro da cidade de&nbsp;<br \/>\nItaj\u00fa do Col\u00f4nia. Toda a popula\u00e7\u00e3o est\u00e1 convidada a participar das&nbsp;<br \/>\ncelebra\u00e7\u00f5es e das festividades em louvor a Santo Ant\u00f4nio.<br \/>\nO tema central da festa \u00e9: &#8220;Assim com santo Ant\u00f4nio, sejamos testemunhas&nbsp;<br \/>\nvivas: Sal da terra e luz do Mundo&#8221;.<\/p>\n<p>Confira a programa\u00e7\u00e3o do Dia festivo: Quarta-feira, 13 de junho.<\/p>\n<p>5h- Alvorada<\/p>\n<p>10h-missa do vaqueiro<\/p>\n<p>14h- batizados<\/p>\n<p>18h- missa solene e&nbsp;prociss\u00e3o pelas principais ruas da cidade com a Imagem do&nbsp;<br \/>\nSanto<\/p>\n<p>Foto:Reprodu\u00e7\u00e3o\/Redes Sociais<\/p>\n<p>Texto:Reda\u00e7\u00e3o\/Portal Cat\u00f3lico.Net<\/p>\n","protected":false},"excerpt":{"rendered":"<p>Est\u00e1 sendo realizada em cinco&nbsp; par\u00f3quias na Diocese de Itabuna, o Trezen\u00e1rio&nbsp; de Santo Ant\u00f4nio, que teve in\u00edcio no dia 1\u00ba de junho e segue&nbsp; at\u00e9 o dia&nbsp; 13, dia dedicado ao santo. As par\u00f3quias que est\u00e3o celebrando Santo Ant\u00f4nio s\u00e3o: Itoror\u00f3, Itaj\u00fa&nbsp; do&nbsp; Col\u00f4nia, Firmino Alves. Em Itabuna,&nbsp; as par\u00f3quias ficam situada no bairro&nbsp;&nbsp;<\/p>\n<p><a class=\"btn btn-style\" href=\"http:\/\/portalcatolico.net\/portal\/paroquias-celebram-santo-antonio\/\">Continue Reading<\/a><\/p>\n","protected":false},"author":2,"featured_media":56602,"comment_status":"open","ping_status":"open","sticky":false,"template":"","format":"standard","meta":{"footnotes":""},"categories":[4],"tags":[],"class_list":["post-56601","post","type-post","status-publish","format-standard","has-post-thumbnail","hentry","category-destaques"],"_links":{"self":[{"href":"http:\/\/portalcatolico.net\/portal\/wp-json\/wp\/v2\/posts\/56601","targetHints":{"allow":["GET"]}}],"collection":[{"href":"http:\/\/portalcatolico.net\/portal\/wp-json\/wp\/v2\/posts"}],"about":[{"href":"http:\/\/portalcatolico.net\/portal\/wp-json\/wp\/v2\/types\/post"}],"author":[{"embeddable":true,"href":"http:\/\/portalcatolico.net\/portal\/wp-json\/wp\/v2\/users\/2"}],"replies":[{"embeddable":true,"href":"http:\/\/portalcatolico.net\/portal\/wp-json\/wp\/v2\/comments?post=56601"}],"version-history":[{"count":1,"href":"http:\/\/portalcatolico.net\/portal\/wp-json\/wp\/v2\/posts\/56601\/revisions"}],"predecessor-version":[{"id":56603,"href":"http:\/\/portalcatolico.net\/portal\/wp-json\/wp\/v2\/posts\/56601\/revisions\/56603"}],"wp:featuredmedia":[{"embeddable":true,"href":"http:\/\/portalcatolico.net\/portal\/wp-json\/wp\/v2\/media\/56602"}],"wp:attachment":[{"href":"http:\/\/portalcatolico.net\/portal\/wp-json\/wp\/v2\/media?parent=56601"}],"wp:term":[{"taxonomy":"category","embeddable":true,"href":"http:\/\/portalcatolico.net\/portal\/wp-json\/wp\/v2\/categories?post=56601"},{"taxonomy":"post_tag","embeddable":true,"href":"http:\/\/portalcatolico.net\/portal\/wp-json\/wp\/v2\/tags?post=56601"}],"curies":[{"name":"wp","href":"https:\/\/api.w.org\/{rel}","templated":true}]}}