{"id":56598,"date":"2018-06-10T10:35:53","date_gmt":"2018-06-10T13:35:53","guid":{"rendered":"http:\/\/portalcatolico.net\/portal\/?p=56598"},"modified":"2018-06-10T10:35:53","modified_gmt":"2018-06-10T13:35:53","slug":"papa-acusar-alguem-por-inveja-e-veneno-mortal","status":"publish","type":"post","link":"http:\/\/portalcatolico.net\/portal\/papa-acusar-alguem-por-inveja-e-veneno-mortal\/","title":{"rendered":"Papa: &#8220;Acusar algu\u00e9m por inveja \u00e9 veneno mortal&#8221;"},"content":{"rendered":"<p>Diante da Pra\u00e7a S\u00e3o Pedro completamente tomada por fi\u00e9is, romanos e turistas, o Papa Francisco fez a sua reflex\u00e3o deste domingo (10\/06) comentando o Evangelho de Marcos, que narra os dois tipos de incompreens\u00e3o que Jesus enfrentou: a dos escribas e a dos seus pr\u00f3prios familiares.<\/p>\n<p>\u201cPode acontecer que a forte inveja pela bondade ou pelas boas a\u00e7\u00f5es de algu\u00e9m leve uma pessoa a acusar falsamente outra. Este \u00e9 o verdadeiro veneno mortal: a mal\u00edcia premeditada que destr\u00f3i a boa fama do outro\u201d.<\/p>\n<p>Diante da Pra\u00e7a S\u00e3o Pedro completamente tomada por fi\u00e9is, romanos e turistas, o&nbsp;<b>Papa Francisco&nbsp;<\/b>fez a sua reflex\u00e3o deste domingo (10\/06) comentando o Evangelho de Marcos. Como explicou, a liturgia do dia apresenta dois tipos de incompreens\u00e3o que Jesus enfrentou: a dos escribas e a de seus pr\u00f3prios familiares, uma \u201cadvert\u00eancia para todos n\u00f3s\u201d.<\/p>\n<h2>A tenta\u00e7\u00e3o de falar mal do outro<\/h2>\n<p>\u201cDeus nos liberte desta terr\u00edvel tenta\u00e7\u00e3o&#8230; e se examinando nossa consci\u00eancia, percebermos que esta semente maligna esta germinando dentro de n\u00f3s, corramos a confess\u00e1-lo no sacramento da Penit\u00eancia, antes que cres\u00e7a e produza efeitos ruins. Isso \u00e9 incur\u00e1vel\u201d.<\/p>\n<p>Francisco recordou que os escribas eram homens instru\u00eddos na lei e nas Sagradas Escrituras e encarregados de explic\u00e1-las ao povo. Alguns deles foram enviados \u00e0 Galileia, onde a fama de Jesus come\u00e7ava a se alastrar, \u201cpara desacredit\u00e1-lo, serem fofoqueiros e destru\u00ed-lo\u201d.<\/p>\n<h2>Jesus reage com palavras forte<\/h2>\n<p>\u201cEstes escribas chegaram com uma acusa\u00e7\u00e3o terr\u00edvel. Diziam que Jesus estava possu\u00eddo por Belzebu e que expulsava os dem\u00f4nios pelo pr\u00edncipe dos dem\u00f4nios. Isto queria dizer mais ou menos \u2018este homem \u00e9 um endiabrado\u2019. De fato, Jesus curava muitos doentes&#8230; mas queriam fazer crer que Ele o fazia com o Esp\u00edrito de Satan\u00e1s\u201d.<\/p>\n<p>&nbsp;Jesus n\u00e3o tolerou isso e reagiu com palavras fortes, pois os escribas, talvez sem se dar conta, estavam caindo no pecado mais grave: negar e blasfemar o Amor de Deus que existe e atua em Jesus.<\/p>\n<div>\n<div class=\"article__embed article__embed--border embed_style\">\n<blockquote><p>\u201c O pecado contra o Esp\u00edrito Santo \u00e9 o \u00fanico pecado imperdo\u00e1vel, porque parte do fechamento do cora\u00e7\u00e3o \u00e0 miseric\u00f3rdia de Deus que age em Jesus \u201d<\/p><\/blockquote>\n<\/div>\n<\/div>\n<p>Acrescentando espontaneamente, o Papa exortou:<\/p>\n<p>\u201cFiquem atentos, voc\u00eas, porque este comportamento destr\u00f3i fam\u00edlias, amizades, comunidades e at\u00e9 mesmo a sociedade\u201d.<\/p>\n<h2>Uma fam\u00edlia unida pelo respeito ao Senhor<\/h2>\n<p>Em seguida, Francisco evidenciou outra incompreens\u00e3o sofrida por Jesus: a de seus familiares, \u201cque estavam preocupados porque a sua nova vida de itinerante lhes parecia uma loucura e ele n\u00e3o tinha nem tempo para comer\u201d. Quando o procuram para lev\u00e1-lo de volta a Nazar\u00e9, Jesus olha para as pessoas que estavam \u00e0 sua volta e afirma: \u201cEis minha m\u00e3e e meus irm\u00e3os!&#8221;.&nbsp;<\/p>\n<div>\n<div class=\"article__embed article__embed--border embed_style\">\n<blockquote><p>\u201c Aquele que faz a vontade de Deus \u00e9 irm\u00e3o, irm\u00e3 e m\u00e3e para mim \u201d<\/p><\/blockquote>\n<\/div>\n<\/div>\n<p>\u201cJesus formou uma nova fam\u00edlia, n\u00e3o mais baseada em rela\u00e7\u00f5es naturais, mas na f\u00e9 Nele, em seu amor que nos acolhe e nos une, no Esp\u00edrito Santo. Todos aqueles que acolhem a palavra de Jesus s\u00e3o filhos de Deus e irm\u00e3os entre si\u201d, destacou Francisco, segundo quem \u201caquela resposta de Jesus n\u00e3o foi uma falta de respeito por sua m\u00e3e e seus parentes; ao contr\u00e1rio. Para Maria, foi o maior reconhecimento, porque precisamente ela \u00e9 a perfeita disc\u00edpula que obedeceu totalmente \u00e0 vontade de Deus\u201d.<\/p>\n<p>Fonte: Vatican News<\/p>\n","protected":false},"excerpt":{"rendered":"<p>Diante da Pra\u00e7a S\u00e3o Pedro completamente tomada por fi\u00e9is, romanos e turistas, o Papa Francisco fez a sua reflex\u00e3o deste domingo (10\/06) comentando o Evangelho de Marcos, que narra os dois tipos de incompreens\u00e3o que Jesus enfrentou: a dos escribas e a dos seus pr\u00f3prios familiares. \u201cPode acontecer que a forte inveja pela bondade ou&nbsp;<\/p>\n<p><a class=\"btn btn-style\" href=\"http:\/\/portalcatolico.net\/portal\/papa-acusar-alguem-por-inveja-e-veneno-mortal\/\">Continue Reading<\/a><\/p>\n","protected":false},"author":2,"featured_media":56599,"comment_status":"open","ping_status":"open","sticky":false,"template":"","format":"standard","meta":{"footnotes":""},"categories":[5],"tags":[],"class_list":["post-56598","post","type-post","status-publish","format-standard","has-post-thumbnail","hentry","category-igreja_no_mundo"],"_links":{"self":[{"href":"http:\/\/portalcatolico.net\/portal\/wp-json\/wp\/v2\/posts\/56598","targetHints":{"allow":["GET"]}}],"collection":[{"href":"http:\/\/portalcatolico.net\/portal\/wp-json\/wp\/v2\/posts"}],"about":[{"href":"http:\/\/portalcatolico.net\/portal\/wp-json\/wp\/v2\/types\/post"}],"author":[{"embeddable":true,"href":"http:\/\/portalcatolico.net\/portal\/wp-json\/wp\/v2\/users\/2"}],"replies":[{"embeddable":true,"href":"http:\/\/portalcatolico.net\/portal\/wp-json\/wp\/v2\/comments?post=56598"}],"version-history":[{"count":1,"href":"http:\/\/portalcatolico.net\/portal\/wp-json\/wp\/v2\/posts\/56598\/revisions"}],"predecessor-version":[{"id":56600,"href":"http:\/\/portalcatolico.net\/portal\/wp-json\/wp\/v2\/posts\/56598\/revisions\/56600"}],"wp:featuredmedia":[{"embeddable":true,"href":"http:\/\/portalcatolico.net\/portal\/wp-json\/wp\/v2\/media\/56599"}],"wp:attachment":[{"href":"http:\/\/portalcatolico.net\/portal\/wp-json\/wp\/v2\/media?parent=56598"}],"wp:term":[{"taxonomy":"category","embeddable":true,"href":"http:\/\/portalcatolico.net\/portal\/wp-json\/wp\/v2\/categories?post=56598"},{"taxonomy":"post_tag","embeddable":true,"href":"http:\/\/portalcatolico.net\/portal\/wp-json\/wp\/v2\/tags?post=56598"}],"curies":[{"name":"wp","href":"https:\/\/api.w.org\/{rel}","templated":true}]}}