{"id":56216,"date":"2018-06-09T13:44:06","date_gmt":"2018-06-09T16:44:06","guid":{"rendered":"http:\/\/portalcatolico.net\/portal\/?p=56216"},"modified":"2018-06-09T13:44:06","modified_gmt":"2018-06-09T16:44:06","slug":"igrejas-celebram-o-sagrado-coracao-de-jesus","status":"publish","type":"post","link":"http:\/\/portalcatolico.net\/portal\/igrejas-celebram-o-sagrado-coracao-de-jesus\/","title":{"rendered":"Igrejas celebram o Sagrado Cora\u00e7\u00e3o de Jesus"},"content":{"rendered":"<p style=\"font-weight: 400;\"><img loading=\"lazy\" decoding=\"async\" class=\" wp-image-56218 alignright\" src=\"http:\/\/portalcatolico.net\/portal\/wp-content\/uploads\/2018\/06\/2-4-300x225.jpg\" alt=\"\" width=\"265\" height=\"199\" srcset=\"http:\/\/portalcatolico.net\/portal\/wp-content\/uploads\/2018\/06\/2-4-300x225.jpg 300w, http:\/\/portalcatolico.net\/portal\/wp-content\/uploads\/2018\/06\/2-4-768x576.jpg 768w, http:\/\/portalcatolico.net\/portal\/wp-content\/uploads\/2018\/06\/2-4.jpg 1000w\" sizes=\"auto, (max-width: 265px) 100vw, 265px\" \/>O Apostolada da Ora\u00e7\u00e3o da Par\u00f3quia Santa Rita de C\u00e1ssia realizou entre os dias 5 a 8 de junho, em Itabuna (BA), o Tr\u00edduo em prepara\u00e7\u00e3o para a grande Festa do Sagrado Cora\u00e7\u00e3o de Jesus.<\/p>\n<p style=\"font-weight: 400;\">O Tr\u00edduo finalizou nesta sexta-feira com a missa solene que foi presidida pelo Frei Jos\u00e9 Genilton (p\u00e1roco da igreja matriz) e concelebrada pelo Frei Alberto.<\/p>\n<p style=\"font-weight: 400;\">A Solenidade do Sagrado Cora\u00e7\u00e3o de Jesus iniciou \u00e0s 19h, com participa\u00e7\u00e3o das pastorais, movimentos, comunidades e paroquianos.<\/p>\n<p style=\"font-weight: 400;\">Na homilia, Frei Alberto falou sobre os ensinamentos de Jesus: \u201cJesus \u00e9 mestre e veio para ensinar. Ele \u00e9 fonte de sabedoria. Mas o que \u00e9 que Ele traz de novo? O que \u00e9 que Ele traz para nos ensinar? A palavra da Salva\u00e7\u00e3o!\u201d<img loading=\"lazy\" decoding=\"async\" class=\" wp-image-56221 alignleft\" src=\"http:\/\/portalcatolico.net\/portal\/wp-content\/uploads\/2018\/06\/12-300x225.jpg\" alt=\"\" width=\"231\" height=\"173\" srcset=\"http:\/\/portalcatolico.net\/portal\/wp-content\/uploads\/2018\/06\/12-300x225.jpg 300w, http:\/\/portalcatolico.net\/portal\/wp-content\/uploads\/2018\/06\/12-768x576.jpg 768w, http:\/\/portalcatolico.net\/portal\/wp-content\/uploads\/2018\/06\/12.jpg 1000w\" sizes=\"auto, (max-width: 231px) 100vw, 231px\" \/><\/p>\n<p style=\"font-weight: 400;\">A Festa do Sagrado cora\u00e7\u00e3o finalizou com apresenta\u00e7\u00e3o e b\u00ean\u00e7\u00e3o do Sant\u00edssimo Sacramento<\/p>\n<p style=\"font-weight: 400;\">As Igrejas por todo o mundo&nbsp;&nbsp;celebraram&nbsp;a Solenidade do Sagrado Cora\u00e7\u00e3o de Jesus.<\/p>\n<p>Este sagrado Cora\u00e7\u00e3o \u00e9 a imagem do amor de Jesus por cada um de n\u00f3s. \u00c9 a express\u00e3o daquilo que S\u00e3o Paulo disse: \u201cEu vivi na f\u00e9 do Filho de Deus, que me amou e se entregou a si mesmo por mim\u201d (Gl 2,20). \u00c9 o convite a que cada um de n\u00f3s retribua a Jesus este amor, vivendo segundo a Sua vontade e trabalhando com a Igreja pela salva\u00e7\u00e3o das almas.<\/p>\n<p>Texto e fotos:Reda\u00e7\u00e3o\/Portal Cat\u00f3lico.Net<\/p>\n<p><img loading=\"lazy\" decoding=\"async\" class=\"alignnone size-medium wp-image-56219\" src=\"http:\/\/portalcatolico.net\/portal\/wp-content\/uploads\/2018\/06\/8-1-300x225.jpg\" alt=\"\" width=\"300\" height=\"225\" srcset=\"http:\/\/portalcatolico.net\/portal\/wp-content\/uploads\/2018\/06\/8-1-300x225.jpg 300w, http:\/\/portalcatolico.net\/portal\/wp-content\/uploads\/2018\/06\/8-1-768x576.jpg 768w, http:\/\/portalcatolico.net\/portal\/wp-content\/uploads\/2018\/06\/8-1.jpg 1000w\" sizes=\"auto, (max-width: 300px) 100vw, 300px\" \/><img loading=\"lazy\" decoding=\"async\" class=\"alignnone size-medium wp-image-56220\" src=\"http:\/\/portalcatolico.net\/portal\/wp-content\/uploads\/2018\/06\/15-300x225.jpg\" alt=\"\" width=\"300\" height=\"225\" srcset=\"http:\/\/portalcatolico.net\/portal\/wp-content\/uploads\/2018\/06\/15-300x225.jpg 300w, http:\/\/portalcatolico.net\/portal\/wp-content\/uploads\/2018\/06\/15-768x576.jpg 768w, http:\/\/portalcatolico.net\/portal\/wp-content\/uploads\/2018\/06\/15.jpg 1000w\" sizes=\"auto, (max-width: 300px) 100vw, 300px\" \/><\/p>\n<p><img loading=\"lazy\" decoding=\"async\" class=\"alignnone size-medium wp-image-56222\" src=\"http:\/\/portalcatolico.net\/portal\/wp-content\/uploads\/2018\/06\/9-1-300x225.jpg\" alt=\"\" width=\"300\" height=\"225\" srcset=\"http:\/\/portalcatolico.net\/portal\/wp-content\/uploads\/2018\/06\/9-1-300x225.jpg 300w, http:\/\/portalcatolico.net\/portal\/wp-content\/uploads\/2018\/06\/9-1-768x576.jpg 768w, http:\/\/portalcatolico.net\/portal\/wp-content\/uploads\/2018\/06\/9-1.jpg 1000w\" sizes=\"auto, (max-width: 300px) 100vw, 300px\" \/> <img loading=\"lazy\" decoding=\"async\" class=\"alignnone size-medium wp-image-56223\" src=\"http:\/\/portalcatolico.net\/portal\/wp-content\/uploads\/2018\/06\/10-1-300x225.jpg\" alt=\"\" width=\"300\" height=\"225\" srcset=\"http:\/\/portalcatolico.net\/portal\/wp-content\/uploads\/2018\/06\/10-1-300x225.jpg 300w, http:\/\/portalcatolico.net\/portal\/wp-content\/uploads\/2018\/06\/10-1-768x576.jpg 768w, http:\/\/portalcatolico.net\/portal\/wp-content\/uploads\/2018\/06\/10-1.jpg 1000w\" sizes=\"auto, (max-width: 300px) 100vw, 300px\" \/><\/p>\n<p style=\"text-align: center;\"><strong>Assista o v\u00eddeo dos melhores momentos<\/strong><\/p>\n<p><iframe loading=\"lazy\"  id=\"_ytid_43785\"  width=\"480\" height=\"270\"  data-origwidth=\"480\" data-origheight=\"270\" src=\"https:\/\/www.youtube.com\/embed\/2kyIAawHLkA?enablejsapi=1&#038;autoplay=0&#038;cc_load_policy=0&#038;cc_lang_pref=&#038;iv_load_policy=1&#038;loop=0&#038;rel=1&#038;fs=1&#038;playsinline=0&#038;autohide=2&#038;theme=dark&#038;color=red&#038;controls=1&#038;disablekb=0&#038;\" class=\"__youtube_prefs__  epyt-is-override  no-lazyload\" title=\"YouTube player\"  allow=\"fullscreen; accelerometer; autoplay; clipboard-write; encrypted-media; gyroscope; picture-in-picture; web-share\" referrerpolicy=\"strict-origin-when-cross-origin\" allowfullscreen data-no-lazy=\"1\" data-skipgform_ajax_framebjll=\"\"><\/iframe><\/p>\n","protected":false},"excerpt":{"rendered":"<p>O Apostolada da Ora\u00e7\u00e3o da Par\u00f3quia Santa Rita de C\u00e1ssia realizou entre os dias 5 a 8 de junho, em Itabuna (BA), o Tr\u00edduo em prepara\u00e7\u00e3o para a grande Festa do Sagrado Cora\u00e7\u00e3o de Jesus. O Tr\u00edduo finalizou nesta sexta-feira com a missa solene que foi presidida pelo Frei Jos\u00e9 Genilton (p\u00e1roco da igreja matriz)&nbsp;<\/p>\n<p><a class=\"btn btn-style\" href=\"http:\/\/portalcatolico.net\/portal\/igrejas-celebram-o-sagrado-coracao-de-jesus\/\">Continue Reading<\/a><\/p>\n","protected":false},"author":2,"featured_media":56217,"comment_status":"open","ping_status":"open","sticky":false,"template":"","format":"standard","meta":{"footnotes":""},"categories":[68],"tags":[],"class_list":["post-56216","post","type-post","status-publish","format-standard","has-post-thumbnail","hentry","category-homilias"],"_links":{"self":[{"href":"http:\/\/portalcatolico.net\/portal\/wp-json\/wp\/v2\/posts\/56216","targetHints":{"allow":["GET"]}}],"collection":[{"href":"http:\/\/portalcatolico.net\/portal\/wp-json\/wp\/v2\/posts"}],"about":[{"href":"http:\/\/portalcatolico.net\/portal\/wp-json\/wp\/v2\/types\/post"}],"author":[{"embeddable":true,"href":"http:\/\/portalcatolico.net\/portal\/wp-json\/wp\/v2\/users\/2"}],"replies":[{"embeddable":true,"href":"http:\/\/portalcatolico.net\/portal\/wp-json\/wp\/v2\/comments?post=56216"}],"version-history":[{"count":1,"href":"http:\/\/portalcatolico.net\/portal\/wp-json\/wp\/v2\/posts\/56216\/revisions"}],"predecessor-version":[{"id":56224,"href":"http:\/\/portalcatolico.net\/portal\/wp-json\/wp\/v2\/posts\/56216\/revisions\/56224"}],"wp:featuredmedia":[{"embeddable":true,"href":"http:\/\/portalcatolico.net\/portal\/wp-json\/wp\/v2\/media\/56217"}],"wp:attachment":[{"href":"http:\/\/portalcatolico.net\/portal\/wp-json\/wp\/v2\/media?parent=56216"}],"wp:term":[{"taxonomy":"category","embeddable":true,"href":"http:\/\/portalcatolico.net\/portal\/wp-json\/wp\/v2\/categories?post=56216"},{"taxonomy":"post_tag","embeddable":true,"href":"http:\/\/portalcatolico.net\/portal\/wp-json\/wp\/v2\/tags?post=56216"}],"curies":[{"name":"wp","href":"https:\/\/api.w.org\/{rel}","templated":true}]}}