{"id":56212,"date":"2018-06-08T11:59:09","date_gmt":"2018-06-08T14:59:09","guid":{"rendered":"http:\/\/portalcatolico.net\/portal\/?p=56212"},"modified":"2018-06-09T12:00:23","modified_gmt":"2018-06-09T15:00:23","slug":"paroquia-sao-sebastiao-realiza-seresta-dos-namorados-em-camacan","status":"publish","type":"post","link":"http:\/\/portalcatolico.net\/portal\/paroquia-sao-sebastiao-realiza-seresta-dos-namorados-em-camacan\/","title":{"rendered":"Par\u00f3quia S\u00e3o Sebasti\u00e3o realiza Seresta dos Namorados em Camacan"},"content":{"rendered":"<p class=\"m_8350888400104007456xgmail-msonospacing\"><em>Neste s\u00e1bado, 09 de junho, a Par\u00f3quia S\u00e3o Sebasti\u00e3o de Camacan (BA) est\u00e1 promovendo a Seresta dos Namorados no Col\u00e9gio Municipal da cidade.<u><\/u><u><\/u><\/em><\/p>\n<p class=\"m_8350888400104007456xgmail-msonospacing\"><em>A festa vai ter in\u00edcio \u00e0s 22h e o valor do passaporte \u00e9 25 reais por casal.<u><\/u><u><\/u><\/em><\/p>\n<p class=\"m_8350888400104007456xgmail-msonospacing\"><em>A anima\u00e7\u00e3o vai ficar por conta de &nbsp; Ronny-Seresteiro e Cristiano\u2014Zeroamil.<\/em><u><\/u><u><\/u><\/p>\n<p class=\"m_8350888400104007456xgmail-msonospacing\"><em>As vendas dos ingressos est\u00e3o acontecendo na secretaria da par\u00f3quia, no Mercantil Severiano, Comercial Lisboa, Bios Inform\u00e1tica&nbsp;&nbsp;e com membros de pastorais e movimento da igreja matriz.<\/em><u><\/u><u><\/u><\/p>\n<p class=\"m_8350888400104007456xgmail-msonospacing\"><em>Participe!<\/em><\/p>\n<p>Texto:Reda\u00e7\u00e3o\/Portal Cat\u00f3lico. Net<\/p>\n","protected":false},"excerpt":{"rendered":"<p>Neste s\u00e1bado, 09 de junho, a Par\u00f3quia S\u00e3o Sebasti\u00e3o de Camacan (BA) est\u00e1 promovendo a Seresta dos Namorados no Col\u00e9gio Municipal da cidade. A festa vai ter in\u00edcio \u00e0s 22h e o valor do passaporte \u00e9 25 reais por casal. A anima\u00e7\u00e3o vai ficar por conta de &nbsp; Ronny-Seresteiro e Cristiano\u2014Zeroamil. As vendas dos ingressos&nbsp;<\/p>\n<p><a class=\"btn btn-style\" href=\"http:\/\/portalcatolico.net\/portal\/paroquia-sao-sebastiao-realiza-seresta-dos-namorados-em-camacan\/\">Continue Reading<\/a><\/p>\n","protected":false},"author":2,"featured_media":56213,"comment_status":"open","ping_status":"open","sticky":false,"template":"","format":"standard","meta":{"footnotes":""},"categories":[1],"tags":[],"class_list":["post-56212","post","type-post","status-publish","format-standard","has-post-thumbnail","hentry","category-agenda"],"_links":{"self":[{"href":"http:\/\/portalcatolico.net\/portal\/wp-json\/wp\/v2\/posts\/56212","targetHints":{"allow":["GET"]}}],"collection":[{"href":"http:\/\/portalcatolico.net\/portal\/wp-json\/wp\/v2\/posts"}],"about":[{"href":"http:\/\/portalcatolico.net\/portal\/wp-json\/wp\/v2\/types\/post"}],"author":[{"embeddable":true,"href":"http:\/\/portalcatolico.net\/portal\/wp-json\/wp\/v2\/users\/2"}],"replies":[{"embeddable":true,"href":"http:\/\/portalcatolico.net\/portal\/wp-json\/wp\/v2\/comments?post=56212"}],"version-history":[{"count":2,"href":"http:\/\/portalcatolico.net\/portal\/wp-json\/wp\/v2\/posts\/56212\/revisions"}],"predecessor-version":[{"id":56215,"href":"http:\/\/portalcatolico.net\/portal\/wp-json\/wp\/v2\/posts\/56212\/revisions\/56215"}],"wp:featuredmedia":[{"embeddable":true,"href":"http:\/\/portalcatolico.net\/portal\/wp-json\/wp\/v2\/media\/56213"}],"wp:attachment":[{"href":"http:\/\/portalcatolico.net\/portal\/wp-json\/wp\/v2\/media?parent=56212"}],"wp:term":[{"taxonomy":"category","embeddable":true,"href":"http:\/\/portalcatolico.net\/portal\/wp-json\/wp\/v2\/categories?post=56212"},{"taxonomy":"post_tag","embeddable":true,"href":"http:\/\/portalcatolico.net\/portal\/wp-json\/wp\/v2\/tags?post=56212"}],"curies":[{"name":"wp","href":"https:\/\/api.w.org\/{rel}","templated":true}]}}