{"id":56130,"date":"2018-06-08T00:23:12","date_gmt":"2018-06-08T03:23:12","guid":{"rendered":"http:\/\/portalcatolico.net\/portal\/?p=56130"},"modified":"2018-06-07T23:23:40","modified_gmt":"2018-06-08T02:23:40","slug":"sagrado-coracao-de-jesus-e-celebrado-nesta-sexta-feira","status":"publish","type":"post","link":"http:\/\/portalcatolico.net\/portal\/sagrado-coracao-de-jesus-e-celebrado-nesta-sexta-feira\/","title":{"rendered":"Sagrado Cora\u00e7\u00e3o de Jesus \u00e9 celebrado nesta sexta-feira"},"content":{"rendered":"<p class=\"m_-2173025149008560964xgmail-msonospacing\"><em>A&nbsp;<i>Igreja<\/i>&nbsp;celebra hoje (08) a Solenidade do Sagrado Cora\u00e7\u00e3o de Jesus, por pedido expl\u00edcito do pr\u00f3prio Cristo a Santa Margarida Maria Alacoque. S\u00e3o Jo\u00e3o Paulo II disse que \u201cesta festa lembra o mist\u00e9rio do amor que Deus tem pelos homens de todos os tempos\u201d.<\/em><i><u><\/u><u><\/u><\/i><\/p>\n<p class=\"m_-2173025149008560964xgmail-msonospacing\"><em>A Festa do Sagrado Cora\u00e7\u00e3o de Jesus \u00e9 celebrada na sexta-feira que segue a semana da Festa de Corpus Christi de louvor e desagravo. Este ano, a Solenidade \u00e9 Celebrada na 1\u00aa sexta-feira, dia 08 de junho.<u><\/u><u><\/u><\/em><\/p>\n<p class=\"m_-2173025149008560964xgmail-msonospacing\"><em><u><\/u>&nbsp;<u><\/u><\/em><em>O Apostolado da Ora\u00e7\u00e3o \u00e9 um movimento religioso composto por leigos cat\u00f3licos que trabalham na evangeliza\u00e7\u00e3o das fam\u00edlias com especial devo\u00e7\u00e3o ao Sagrado Cora\u00e7\u00e3o de Jesus. \u00c9 atrav\u00e9s da ora\u00e7\u00e3o pelo oferecimento di\u00e1rio e pela fidelidade \u00e0 igreja, que o Apostolado leva a palavra de Deus. \u201cQueremos saudar com muita satisfa\u00e7\u00e3o e admira\u00e7\u00e3o as associa\u00e7\u00f5es e zeladores do Apostolado da Ora\u00e7\u00e3o, um grupo que h\u00e1 mais de 100 anos aqui no Brasil, nas dioceses garantiu a f\u00e9 do povo. O Apostolado garantiu atrav\u00e9s da sua f\u00e9 profunda em Cristo Jesus, no seu Sagrado Cora\u00e7\u00e3o, na sua consagra\u00e7\u00e3o ao Cora\u00e7\u00e3o de Jesus, ao mesmo tempo, atrav\u00e9s da ora\u00e7\u00e3o\u201d.<u><\/u><u><\/u><\/em><\/p>\n<p class=\"m_-2173025149008560964xgmail-msonospacing\"><em><u><\/u>&nbsp;<u><\/u><\/em><em>A devo\u00e7\u00e3o ao&nbsp;&nbsp;Sagrado Cora\u00e7\u00e3o teve in\u00edcio com S\u00e3o Jo\u00e3o Eudes e Santa Margarida Maria de Alacoque, no s\u00e9culo XVII, embora a devo\u00e7\u00e3o remonte aos s\u00e9culos XIII e XIV, com a primeira aprova\u201c Festa do Corpo de Jesus \u201c manifesta\u00e7\u00e3o p\u00fablica de adora\u00e7\u00e3o a Jesus Eucar\u00edstico. Foi o pr\u00f3prio Cora\u00e7\u00e3o de Jesus, em uma de suas manifesta\u00e7\u00f5es a Santa Margarida, quem solicitou esta celebra\u00e7\u00e3o \u00e7\u00e3o pontif\u00edcia no s\u00e9culo seguinte. No ano 1856 o Papa Pio IX estendeu a festa a toda a Igreja e em 1928 o Papa Pio XI concedeu \u00e0 devo\u00e7\u00e3o a m\u00e1xima categoria lit\u00fargica, de solenidade.<\/em><i><u><\/u><u><\/u><\/i><\/p>\n<p class=\"m_-2173025149008560964xmsonormal\"><em>Posteriormente, o Beato Pio IX, em 1856, estendeu oficialmente a Festa do Sagrado Cora\u00e7\u00e3o de Jesus a toda a Igreja. Em 1899, o Papa Le\u00e3o XIII publicou a enc\u00edclica \u2018Annum Sacrum\u2019 sobre a consagra\u00e7\u00e3o da humanidade ao Sagrado Cora\u00e7\u00e3o de Jesus, que se realizou no mesmo ano.<\/em><i><u><\/u><u><\/u><\/i><\/p>\n<p class=\"m_-2173025149008560964xmsonormal\"><em>Do mesmo modo, Pio XI, em 1928, escreveu a \u2018Miserentissimus&nbsp;&nbsp;Redemptor\u2019, enc\u00edclica que trata da repara\u00e7\u00e3o que todos devemos ao Sagrado Cora\u00e7\u00e3o. E o Papa Pio XII, em 1956, publicou a enc\u00edclica \u2018Haurietis&nbsp;&nbsp;Aquas\u2019, em refer\u00eancia ao culto ao Sagrado Cora\u00e7\u00e3o.<\/em><i><u><\/u><u><\/u><\/i><\/p>\n<p class=\"m_-2173025149008560964xmsonormal\"><em>S\u00e3o Jo\u00e3o Paulo II em seu pontificado estabeleceu que na Solenidade do Sagrado Cora\u00e7\u00e3o de Jesus se realize o Dia Mundial de Ora\u00e7\u00e3o pela Santifica\u00e7\u00e3o dos Sacerdotes.<\/em><i><u><\/u><u><\/u><\/i><\/p>\n<p class=\"m_-2173025149008560964xmsonormal\"><em>Muitos grupos, movimentos, ordens e congrega\u00e7\u00f5es religiosas, desde os tempos antigos, foram colocados sob a prote\u00e7\u00e3o do Sagrado Cora\u00e7\u00e3o de Jesus. Em Roma, encontra-se a Bas\u00edlica do \u2018Sacro Cuore\u2019 (Sagrado Cora\u00e7\u00e3o) constru\u00edda por S\u00e3o Jo\u00e3o Bosco, encomendada pelo Papa Le\u00e3o XIII e com doa\u00e7\u00f5es de fi\u00e9is e devotos de v\u00e1rios pa\u00edses.<\/em><\/p>\n<p>&nbsp;<\/p>\n","protected":false},"excerpt":{"rendered":"<p>A&nbsp;Igreja&nbsp;celebra hoje (08) a Solenidade do Sagrado Cora\u00e7\u00e3o de Jesus, por pedido expl\u00edcito do pr\u00f3prio Cristo a Santa Margarida Maria Alacoque. S\u00e3o Jo\u00e3o Paulo II disse que \u201cesta festa lembra o mist\u00e9rio do amor que Deus tem pelos homens de todos os tempos\u201d. A Festa do Sagrado Cora\u00e7\u00e3o de Jesus \u00e9 celebrada na sexta-feira que&nbsp;<\/p>\n<p><a class=\"btn btn-style\" href=\"http:\/\/portalcatolico.net\/portal\/sagrado-coracao-de-jesus-e-celebrado-nesta-sexta-feira\/\">Continue Reading<\/a><\/p>\n","protected":false},"author":2,"featured_media":56131,"comment_status":"open","ping_status":"open","sticky":false,"template":"","format":"standard","meta":{"footnotes":""},"categories":[69],"tags":[],"class_list":["post-56130","post","type-post","status-publish","format-standard","has-post-thumbnail","hentry","category-artigos"],"_links":{"self":[{"href":"http:\/\/portalcatolico.net\/portal\/wp-json\/wp\/v2\/posts\/56130","targetHints":{"allow":["GET"]}}],"collection":[{"href":"http:\/\/portalcatolico.net\/portal\/wp-json\/wp\/v2\/posts"}],"about":[{"href":"http:\/\/portalcatolico.net\/portal\/wp-json\/wp\/v2\/types\/post"}],"author":[{"embeddable":true,"href":"http:\/\/portalcatolico.net\/portal\/wp-json\/wp\/v2\/users\/2"}],"replies":[{"embeddable":true,"href":"http:\/\/portalcatolico.net\/portal\/wp-json\/wp\/v2\/comments?post=56130"}],"version-history":[{"count":1,"href":"http:\/\/portalcatolico.net\/portal\/wp-json\/wp\/v2\/posts\/56130\/revisions"}],"predecessor-version":[{"id":56132,"href":"http:\/\/portalcatolico.net\/portal\/wp-json\/wp\/v2\/posts\/56130\/revisions\/56132"}],"wp:featuredmedia":[{"embeddable":true,"href":"http:\/\/portalcatolico.net\/portal\/wp-json\/wp\/v2\/media\/56131"}],"wp:attachment":[{"href":"http:\/\/portalcatolico.net\/portal\/wp-json\/wp\/v2\/media?parent=56130"}],"wp:term":[{"taxonomy":"category","embeddable":true,"href":"http:\/\/portalcatolico.net\/portal\/wp-json\/wp\/v2\/categories?post=56130"},{"taxonomy":"post_tag","embeddable":true,"href":"http:\/\/portalcatolico.net\/portal\/wp-json\/wp\/v2\/tags?post=56130"}],"curies":[{"name":"wp","href":"https:\/\/api.w.org\/{rel}","templated":true}]}}