{"id":56127,"date":"2018-06-07T23:20:46","date_gmt":"2018-06-08T02:20:46","guid":{"rendered":"http:\/\/portalcatolico.net\/portal\/?p=56127"},"modified":"2018-06-08T18:57:28","modified_gmt":"2018-06-08T21:57:28","slug":"itajuipe-esta-em-festa-celebrando-o-novenario-do-sagrado-coracao-de-jesus","status":"publish","type":"post","link":"http:\/\/portalcatolico.net\/portal\/itajuipe-esta-em-festa-celebrando-o-novenario-do-sagrado-coracao-de-jesus\/","title":{"rendered":"Itaju\u00edpe est\u00e1 em festa celebrando o Noven\u00e1rio do Sagrado Cora\u00e7\u00e3o de Jesus"},"content":{"rendered":"<p class=\"m_8490715581334161666xgmail-msonospacing\"><em>Mais uma noite do Noven\u00e1rio do Sagrado Cora\u00e7\u00e3o de Jesus aconteceu nesta quinta-feira,&nbsp;&nbsp;07 de junho, em Itaju\u00edpe, que teve in\u00edcio \u00e0s 19h com a santa missa presidida por Dom Carlos Alberto dos Santos (Bispo da Diocese de Itabuna) e concelebrada pelos padres: Amarildo dos Santos Oliveira (da Par\u00f3quia Nossa Senhora da Concei\u00e7\u00e3o de Uru\u00e7uca); Pe.Gil (da Par\u00f3quia S\u00e3o Jos\u00e9 Oper\u00e1rio da cidade de&nbsp; Ipia\u00fa) e pelo Pe. Edson Hagge (p\u00e1roco da igreja matriz do Sagrado Cora\u00e7\u00e3o de Jesus de Itaju\u00edpe).<\/em><u><\/u><u><\/u><\/p>\n<p class=\"m_8490715581334161666xgmail-msonospacing\"><em>O bispo foi o convidado especial e refletiu o sub-tema: \u201cLeigos e Leigas, agentes promotores da paz, da&nbsp;&nbsp;justi\u00e7a e do perd\u00e3o\u201d. Na oportunidade, o bispo disse: \u201cVoc\u00eas t\u00eam um padroeiro muito bom, parab\u00e9ns pra voc\u00eas, parab\u00e9ns para esta par\u00f3quia! Amanh\u00e3 vamos celebrar o nosso querido amado padroeiro, o Sagrado Cora\u00e7\u00e3o de Jesus.\u201d<\/em><u><\/u><u><\/u><\/p>\n<p class=\"m_8490715581334161666xgmail-msonospacing\"><em>Os convidados da noite foram: Prefeitura Municipal de Itaju\u00edpe e C\u00e2mara de Vereadores.<\/em><u><\/u><u><\/u><\/p>\n<p class=\"m_8490715581334161666xgmail-msonospacing\"><em>A decora\u00e7\u00e3o da igreja e do andor ficaram por conta de Raul Estrela, Marcos Fabian e Marcos Willian.<\/em>&nbsp;E a&nbsp;<em>anima\u00e7\u00e3o foi da Pastoral do D\u00edzimo.<\/em><u><\/u><u><\/u><\/p>\n<p class=\"m_8490715581334161666xgmail-msonospacing\"><em>A noite tamb\u00e9m contou com a Noveninha das Crian\u00e7as, sob a responsabilidade do Ter\u00e7o dos Homens. Ao final da Santa Missa, as crian\u00e7as foram&nbsp;&nbsp;apresentadas aos pais e paroquianos. Elas refletiram o mesmo sub-tema.<\/em><u><\/u><u><\/u><\/p>\n<p class=\"m_8490715581334161666xgmail-msonospacing\"><em>A Quermesse foi: Comida \u00c1rabe (sob a responsabilidade da&nbsp;RCC).<u><\/u><u><\/u><\/em><\/p>\n<p class=\"m_8490715581334161666xgmail-msonospacing\"><u><\/u>&nbsp;<u><\/u><em><b>Confira a programa\u00e7\u00e3o do<\/b>&nbsp;<b>Dia&nbsp;&nbsp;festivo &#8211; 08 de junho:<\/b><\/em><u><\/u><u><\/u><\/p>\n<p class=\"m_8490715581334161666xgmail-msonospacing\"><em>6h-Laudes (caf\u00e9 no Bosque e queima de fogos).<\/em><u><\/u><u><\/u><\/p>\n<p class=\"m_8490715581334161666xgmail-msonospacing\"><em>10h: Missa Solene com a presid\u00eancia do Bispo da Diocese de Ilh\u00e9us, Dom Mauro Montagnoli.<\/em><u><\/u><u><\/u><\/p>\n<p class=\"m_8490715581334161666xgmail-msonospacing\"><em>12h: Sauda\u00e7\u00e3o do cora\u00e7\u00e3o de Jesus com fogos.<\/em><u><\/u><u><\/u><\/p>\n<p class=\"m_8490715581334161666xgmail-msonospacing\"><em>17h: Prociss\u00e3o com a Imagem do santo pelas principias ruas da cidade, al\u00e9m de anima\u00e7\u00e3o, m\u00fasica e b\u00ean\u00e7\u00e3o com Sant\u00edssimo Sacramento.<\/em><\/p>\n<p>Texto e fotos:Reda\u00e7\u00e3o\/Portal Cat\u00f3lico.Net<\/p>\n<p>\u00c1lbum de fotos:&nbsp;<a href=\"http:\/\/portalcatolico.net\/portal\/novenario-do-sagrado-coracao-de-jesus\/\"><span style=\"color: #ff0000;\">CLIQUE AQUI<\/span><\/a><\/p>\n","protected":false},"excerpt":{"rendered":"<p>Mais uma noite do Noven\u00e1rio do Sagrado Cora\u00e7\u00e3o de Jesus aconteceu nesta quinta-feira,&nbsp;&nbsp;07 de junho, em Itaju\u00edpe, que teve in\u00edcio \u00e0s 19h com a santa missa presidida por Dom Carlos Alberto dos Santos (Bispo da Diocese de Itabuna) e concelebrada pelos padres: Amarildo dos Santos Oliveira (da Par\u00f3quia Nossa Senhora da Concei\u00e7\u00e3o de Uru\u00e7uca); Pe.Gil&nbsp;<\/p>\n<p><a class=\"btn btn-style\" href=\"http:\/\/portalcatolico.net\/portal\/itajuipe-esta-em-festa-celebrando-o-novenario-do-sagrado-coracao-de-jesus\/\">Continue Reading<\/a><\/p>\n","protected":false},"author":2,"featured_media":56128,"comment_status":"open","ping_status":"open","sticky":false,"template":"","format":"standard","meta":{"footnotes":""},"categories":[68],"tags":[],"class_list":["post-56127","post","type-post","status-publish","format-standard","has-post-thumbnail","hentry","category-homilias"],"_links":{"self":[{"href":"http:\/\/portalcatolico.net\/portal\/wp-json\/wp\/v2\/posts\/56127","targetHints":{"allow":["GET"]}}],"collection":[{"href":"http:\/\/portalcatolico.net\/portal\/wp-json\/wp\/v2\/posts"}],"about":[{"href":"http:\/\/portalcatolico.net\/portal\/wp-json\/wp\/v2\/types\/post"}],"author":[{"embeddable":true,"href":"http:\/\/portalcatolico.net\/portal\/wp-json\/wp\/v2\/users\/2"}],"replies":[{"embeddable":true,"href":"http:\/\/portalcatolico.net\/portal\/wp-json\/wp\/v2\/comments?post=56127"}],"version-history":[{"count":6,"href":"http:\/\/portalcatolico.net\/portal\/wp-json\/wp\/v2\/posts\/56127\/revisions"}],"predecessor-version":[{"id":56211,"href":"http:\/\/portalcatolico.net\/portal\/wp-json\/wp\/v2\/posts\/56127\/revisions\/56211"}],"wp:featuredmedia":[{"embeddable":true,"href":"http:\/\/portalcatolico.net\/portal\/wp-json\/wp\/v2\/media\/56128"}],"wp:attachment":[{"href":"http:\/\/portalcatolico.net\/portal\/wp-json\/wp\/v2\/media?parent=56127"}],"wp:term":[{"taxonomy":"category","embeddable":true,"href":"http:\/\/portalcatolico.net\/portal\/wp-json\/wp\/v2\/categories?post=56127"},{"taxonomy":"post_tag","embeddable":true,"href":"http:\/\/portalcatolico.net\/portal\/wp-json\/wp\/v2\/tags?post=56127"}],"curies":[{"name":"wp","href":"https:\/\/api.w.org\/{rel}","templated":true}]}}