{"id":56124,"date":"2018-06-06T21:59:25","date_gmt":"2018-06-07T00:59:25","guid":{"rendered":"http:\/\/portalcatolico.net\/portal\/?p=56124"},"modified":"2018-06-06T21:59:25","modified_gmt":"2018-06-07T00:59:25","slug":"arquidiocese-de-salvador-recebe-arcebispos-e-bispos-das-grandes-cidades","status":"publish","type":"post","link":"http:\/\/portalcatolico.net\/portal\/arquidiocese-de-salvador-recebe-arcebispos-e-bispos-das-grandes-cidades\/","title":{"rendered":"Arquidiocese de Salvador recebe arcebispos e bispos das grandes cidades"},"content":{"rendered":"<p>A arquidiocese de Salvador (BA) recebeu, na \u00faltima segunda-feira, 4 de junho, 30 bispos de cidades metropolitanas brasileiras. O encontro de bispos das metr\u00f3poles brasileiras teve o objetivo de ser espa\u00e7o de reflex\u00e3o sobre os desafios da evangeliza\u00e7\u00e3o em \u00e1reas urbanas densamente povoadas.<\/p>\n<div id=\"attachment_194972\" class=\"wp-caption alignright\"><img loading=\"lazy\" decoding=\"async\" class=\"size-medium wp-image-194972\" src=\"http:\/\/www.cnbb.org.br\/wp-content\/uploads\/sites\/32\/2018\/06\/Bispos-metropoles2-300x154.png\" srcset=\"http:\/\/www.cnbb.org.br\/wp-content\/uploads\/sites\/32\/2018\/06\/Bispos-metropoles2-300x154.png 300w, http:\/\/www.cnbb.org.br\/wp-content\/uploads\/sites\/32\/2018\/06\/Bispos-metropoles2-768x393.png 768w, http:\/\/www.cnbb.org.br\/wp-content\/uploads\/sites\/32\/2018\/06\/Bispos-metropoles2.png 1020w\" alt=\"\" width=\"300\" height=\"154\"><\/p>\n<p class=\"wp-caption-text\"><em>Foto: arquidiocese de Salvador<\/em><\/p>\n<\/div>\n<p>As reflex\u00f5es do encontro foram conduzidas pelo padre Manoel de Oliveira Filho, do clero da arquidiocese de S\u00e3o Salvador da Bahia e p\u00e1roco da par\u00f3quia da Ascens\u00e3o do Senhor, na capital baiana. O presb\u00edtero apresentou a tem\u00e1tica da Pastoral Urbana a partir da experi\u00eancia de trabalho em sua par\u00f3quia de atua\u00e7\u00e3o, onde h\u00e1 uma realidade de grandes condom\u00ednios, uma \u201ccaracter\u00edstica desta \u00e9poca\u201d, segundo o padre.<\/p>\n<p>O atendimento pastoral e os trabalhos de evangeliza\u00e7\u00e3o acontecem com a forma\u00e7\u00e3o de comunidades ambientais. \u201cEmbora n\u00e3o tenhamos templos, as comunidades existem pela fidelidade das pessoas que se re\u00fanem para refletir, rezar e celebrar\u201d, explica padre Manoel.<\/p>\n<p>Estiveram presentes arcebispos e bispos auxiliares das arquidioceses de Salvador, Rio de Janeiro (RJ), S\u00e3o Paulo (SP), Belo Horizonte (MG), Londrina (PR), Olinda e Recife (PE), Bel\u00e9m (PA), Bras\u00edlia (DF), Florian\u00f3polis (SC), Ribeir\u00e3o Preto (SP) e Goi\u00e2nia (GO).<\/p>\n<div id=\"attachment_194973\" class=\"wp-caption alignleft\"><img loading=\"lazy\" decoding=\"async\" class=\"wp-image-194973 \" src=\"http:\/\/www.cnbb.org.br\/wp-content\/uploads\/sites\/32\/2018\/06\/Bispos-metropoles3-300x238.png\" srcset=\"http:\/\/www.cnbb.org.br\/wp-content\/uploads\/sites\/32\/2018\/06\/Bispos-metropoles3-300x238.png 300w, http:\/\/www.cnbb.org.br\/wp-content\/uploads\/sites\/32\/2018\/06\/Bispos-metropoles3.png 762w\" alt=\"\" width=\"274\" height=\"217\"><\/p>\n<p class=\"wp-caption-text\"><em>Foto: arquidiocese de Salvador<\/em><\/p>\n<\/div>\n<p>O arcebispo de Salvador e vice-presidente da Confer\u00eancia Nacional dos Bispos do Brasil (CNBB), dom Murilo Krieger, anfitri\u00e3o do evento, lembrou que o Brasil tem 208 milh\u00f5es de habitantes e que 85% desta popula\u00e7\u00e3o vive nas cidades, estando os outros 15% na zona rural. \u201cNos 17 munic\u00edpios com mais de um milh\u00e3o de habitantes, dos quais 14 s\u00e3o capitais, moram 46 milh\u00f5es de pessoas (22% do total). Mais da metade da popula\u00e7\u00e3o brasileira vive em munic\u00edpios com mais de 100 mil habitantes; portanto, vive em apenas 5% (que corresponde a 278 munic\u00edpios) dos 5.570 munic\u00edpios brasileiros\u201d, comenta.<\/p>\n<p>Dom Murilo informa que um relat\u00f3rio-s\u00edntese do encontro ser\u00e1 posteriormente enviado aos participantes. E tamb\u00e9m explica que o encontro, realizado anualmente, n\u00e3o tem por finalidade a elabora\u00e7\u00e3o de documentos, mas, sim, \u201c\u2019inquietar\u2019 os participantes, para que tomem consci\u00eancia da necessidade de estarem atentos aos desafios que a sociedade atual coloca aos evangelizadores\u201d.(CNBB)<\/p>\n","protected":false},"excerpt":{"rendered":"<p>A arquidiocese de Salvador (BA) recebeu, na \u00faltima segunda-feira, 4 de junho, 30 bispos de cidades metropolitanas brasileiras. O encontro de bispos das metr\u00f3poles brasileiras teve o objetivo de ser espa\u00e7o de reflex\u00e3o sobre os desafios da evangeliza\u00e7\u00e3o em \u00e1reas urbanas densamente povoadas. Foto: arquidiocese de Salvador As reflex\u00f5es do encontro foram conduzidas pelo padre&nbsp;<\/p>\n<p><a class=\"btn btn-style\" href=\"http:\/\/portalcatolico.net\/portal\/arquidiocese-de-salvador-recebe-arcebispos-e-bispos-das-grandes-cidades\/\">Continue Reading<\/a><\/p>\n","protected":false},"author":2,"featured_media":56125,"comment_status":"open","ping_status":"open","sticky":false,"template":"","format":"standard","meta":{"footnotes":""},"categories":[3],"tags":[],"class_list":["post-56124","post","type-post","status-publish","format-standard","has-post-thumbnail","hentry","category-noticias_regionais"],"_links":{"self":[{"href":"http:\/\/portalcatolico.net\/portal\/wp-json\/wp\/v2\/posts\/56124","targetHints":{"allow":["GET"]}}],"collection":[{"href":"http:\/\/portalcatolico.net\/portal\/wp-json\/wp\/v2\/posts"}],"about":[{"href":"http:\/\/portalcatolico.net\/portal\/wp-json\/wp\/v2\/types\/post"}],"author":[{"embeddable":true,"href":"http:\/\/portalcatolico.net\/portal\/wp-json\/wp\/v2\/users\/2"}],"replies":[{"embeddable":true,"href":"http:\/\/portalcatolico.net\/portal\/wp-json\/wp\/v2\/comments?post=56124"}],"version-history":[{"count":1,"href":"http:\/\/portalcatolico.net\/portal\/wp-json\/wp\/v2\/posts\/56124\/revisions"}],"predecessor-version":[{"id":56126,"href":"http:\/\/portalcatolico.net\/portal\/wp-json\/wp\/v2\/posts\/56124\/revisions\/56126"}],"wp:featuredmedia":[{"embeddable":true,"href":"http:\/\/portalcatolico.net\/portal\/wp-json\/wp\/v2\/media\/56125"}],"wp:attachment":[{"href":"http:\/\/portalcatolico.net\/portal\/wp-json\/wp\/v2\/media?parent=56124"}],"wp:term":[{"taxonomy":"category","embeddable":true,"href":"http:\/\/portalcatolico.net\/portal\/wp-json\/wp\/v2\/categories?post=56124"},{"taxonomy":"post_tag","embeddable":true,"href":"http:\/\/portalcatolico.net\/portal\/wp-json\/wp\/v2\/tags?post=56124"}],"curies":[{"name":"wp","href":"https:\/\/api.w.org\/{rel}","templated":true}]}}