{"id":56118,"date":"2018-06-05T21:18:54","date_gmt":"2018-06-06T00:18:54","guid":{"rendered":"http:\/\/portalcatolico.net\/portal\/?p=56118"},"modified":"2018-06-05T21:18:54","modified_gmt":"2018-06-06T00:18:54","slug":"perfil-do-episcopado-atualizacao-mostra-que-309-bispos-estao-na-ativa-e-169-bispos-sao-emeritos","status":"publish","type":"post","link":"http:\/\/portalcatolico.net\/portal\/perfil-do-episcopado-atualizacao-mostra-que-309-bispos-estao-na-ativa-e-169-bispos-sao-emeritos\/","title":{"rendered":"Perfil do episcopado: atualiza\u00e7\u00e3o mostra que 309 bispos est\u00e3o na ativa e 169 bispos s\u00e3o em\u00e9ritos"},"content":{"rendered":"<p>Prof. Dr. Fernando Altemeyer Junior, do Departamento de Ci\u00eancia da Religi\u00e3o da Pontif\u00edcia Universidade Cat\u00f3lica de S\u00e3o Paulo, realiza h\u00e1 mais de 20 anos um trabalho de atualiza\u00e7\u00e3o de estat\u00edsticas e nomes do episcopado brasileiro. Na \u00faltima semana, depois do falecimento do bispo em\u00e9rito de Aracaju (SE), dom Luciano Duarte, ele apresentou novos n\u00fameros em seu perfil do Facebook, trazendo curiosidades:<\/p>\n<p>Dos nossos 478 pastores,&nbsp;<strong>309 bispos est\u00e3o na ativa<\/strong>&nbsp;e&nbsp;<strong>169 bispos s\u00e3o em\u00e9ritos<\/strong>&nbsp;(aposentados).<\/p>\n<p><strong>Em 30 de maio de 2018, contamos 478 bispos cat\u00f3licos vivos no Brasil<\/strong>:<\/p>\n<p>80 paulistas, 67 mineiros, 57 ga\u00fachos, 42 italianos, 35 catarinenses, 23 paranaenses, 19 baianos, 19 cariocas, 14 espanh\u00f3is, 15 pernambucanos, 11 capixabas, 9 cearenses, 7 alem\u00e3es, 7 maranhenses, 6 sergipanos, 7 alagoanos, 7 paraibanos, 7 poloneses, 6 potiguares, 2 norte-americanos, 3 piauienses, 3 belgas, 2 libaneses, 3 amazonenses, 3 paraenses, 2 goianos, 2 holandeses, 2 franceses, 2 malteses, 2 austr\u00edacos, 2 su\u00ed\u00e7os, 2 portugueses, 2 tocantinenses, 1 uruguaio, 1 irland\u00eas, 1 mato-grossense, 1 brasiliense, 1 paraguaio, 1 cabo-verdiano, 1 sul mato-grossense, 1 Acriano. Sem representantes no episcopado no momento: rondonienses, roraimenses e amapaenses.<\/p>\n<p>Portanto:<\/p>\n<ul>\n<li>H\u00e1 5 bispos nascidos no&nbsp;<strong>Centro-Oeste<\/strong>&nbsp;(DF, GO, MT e MS) ou seja,&nbsp;<strong>1% do episcopado<\/strong>.<\/li>\n<li>H\u00e1 9 bispos dos 7 Estados do&nbsp;<strong>Norte&nbsp;<\/strong>(AM, RR, AP, PA, TO, RO, AC),&nbsp;<strong>1,8% do episcopado<\/strong>;<\/li>\n<li>H\u00e1 177 bispos que s\u00e3o do&nbsp;<strong>Sudeste<\/strong>&nbsp; (SP, MG, RJ e ES) ,&nbsp;&nbsp;<strong>37% do episcopado<\/strong>;<\/li>\n<li>H\u00e1 115 bispos s\u00e3o do&nbsp;<strong>Sul<\/strong>&nbsp;(RS, SC e PR), somam&nbsp;<strong>24% do episcopado<\/strong>.<\/li>\n<li>H\u00e1 79 bispos s\u00e3o&nbsp;<strong>nordestinos<\/strong>&nbsp;(RN, PE, SE, PB, AL, BA, MA, PI, CE),&nbsp;&nbsp;<strong>16,5% do episcopado;<\/strong><\/li>\n<\/ul>\n<p><strong>Bispos de origem do clero diocesano e das congrega\u00e7\u00f5es religiosas:<\/strong><\/p>\n<ul>\n<li>Cardeais brasileiros:&nbsp;7 diocesanos e 3 religiosos.<\/li>\n<li>Arcebispos: 41 diocesanos e 29 religiosos.<\/li>\n<li>Bispos: 234 diocesanos e 165 reilgiosos.<\/li>\n<\/ul>\n<p>Portanto:<\/p>\n<ul>\n<li>Os bispos vindos do clero diocesano s\u00e3o 281 pessoas,&nbsp;<strong>59%<\/strong><\/li>\n<li>e os de congrega\u00e7\u00f5es 197 pessoas,&nbsp;<strong>41%<\/strong>&nbsp;do episcopado.<\/li>\n<\/ul>\n<p><strong>Dioceses vacantes at\u00e9 30 de maio de 2018:<\/strong><\/p>\n<ul>\n<li>Diocese de&nbsp;<strong>Carolina (MA)<\/strong>, vacante&nbsp;<strong>desde 05 de julho de 2017<\/strong>, administrador diocesano Padre C\u00edcero de Jesus Cirqueira.<\/li>\n<li><span class=\"text_exposed_show\">Diocese de&nbsp;<strong>Teofilo Ottoni (MG)<\/strong>, vacante&nbsp;<strong>desde 20 de setembro 2017<\/strong>, Administrador diocesano padre Aurildes de Mantena.<\/span><\/li>\n<li>Diocese de&nbsp;<strong>Palmeira dos \u00cdndios (AL)<\/strong>, vacante&nbsp;<strong>desde 11 de outubro de 2017<\/strong>, administrador diocesano padre Wen<span class=\"text_exposed_show\">del Assun\u00e7\u00e3o Gomes.<\/span><\/li>\n<li>Diocese de&nbsp;<strong>Apucarana (PR)<\/strong>, vacante&nbsp;<strong>desde 13 de dezembro de 2017<\/strong>, administrador diocesano padre Jo\u00e3o Oz\u00f3rio de Oliveira.<\/li>\n<li><span class=\"text_exposed_show\">Diocese de<strong>&nbsp;Viana (MA)<\/strong>, vacante desde&nbsp;<strong>20 de dezembro de 2017,<\/strong>&nbsp;administrador diocesano padre Giuseppe Luigi Spiga.<\/span><\/li>\n<li><span class=\"text_exposed_show\">Diocese de&nbsp;<strong>Bonfim (BA)<\/strong>, vacante&nbsp;<strong>desde 03 de janeiro 2018<\/strong>, administrador diocesano padre Jarbas Gon\u00e7alves dos Santos.<\/span><\/li>\n<li><span class=\"text_exposed_show\">Diocese de&nbsp;<strong>Cachoeira do Sul (RS)<\/strong>, vacante&nbsp;<strong>desde 06 de janeiro de 2018<\/strong>, administrador diocesano Mons. Elcy Arboitte.<\/span><\/li>\n<li><span class=\"text_exposed_show\">Diocese de&nbsp;<strong>S\u00e3o Jo\u00e3o Del Rey (MG)<\/strong>, vacante&nbsp;<strong>desde 19 de janeiro de 2018<\/strong>, administrador diocesano Padre Dirceu de Oliveira Medeiros.<\/span><\/li>\n<\/ul>\n<ul>\n<li>Diocese de&nbsp;<strong>Ipameri (GO)<\/strong>, vacante&nbsp;<strong>desde 07 de fevereiro de 2018<\/strong>, administrador diocesano padre Orcalino Lopes<\/li>\n<li><span class=\"text_exposed_show\">Diocese de&nbsp;<strong>Uni\u00e3o da Vit\u00f3ria (PR)<\/strong>, vacante&nbsp;<strong>desde 08 de fevereiro de 2018,<\/strong>&nbsp;administrador diocesano padre M\u00e1rio Glaab<\/span><\/li>\n<li><span class=\"text_exposed_show\"><strong>Eparquia greco-melquita<\/strong>&nbsp;de Nossa Senhora do Para\u00edso de S\u00e3o Paulo (SP) vacante&nbsp;<strong>desde 28 mar\u00e7o de 2018<\/strong>, rito oriental, Administrador Apost\u00f3lico dom&nbsp;Dom Sergio de Deus Borges, bispo auxiliar de S\u00e3o Paulo.<\/span><\/li>\n<li><span class=\"text_exposed_show\">Arquidiocese de&nbsp;<strong>Campinas (SP)<\/strong>, sede vacante<strong>&nbsp;desde 25 de abril de 2018<\/strong>.<br \/>\np.s.&nbsp;<em>Situa\u00e7\u00e3o especial da diocese de Formosa, com administrador Apost\u00f3lico, dom Paulo Mendes Peixoto, arcebispo de Uberaba (MG).<\/em><\/span><\/li>\n<\/ul>\n<p>Informa\u00e7\u00f5es do site oficial da CNBB<\/p>\n","protected":false},"excerpt":{"rendered":"<p>Prof. Dr. Fernando Altemeyer Junior, do Departamento de Ci\u00eancia da Religi\u00e3o da Pontif\u00edcia Universidade Cat\u00f3lica de S\u00e3o Paulo, realiza h\u00e1 mais de 20 anos um trabalho de atualiza\u00e7\u00e3o de estat\u00edsticas e nomes do episcopado brasileiro. Na \u00faltima semana, depois do falecimento do bispo em\u00e9rito de Aracaju (SE), dom Luciano Duarte, ele apresentou novos n\u00fameros em&nbsp;<\/p>\n<p><a class=\"btn btn-style\" href=\"http:\/\/portalcatolico.net\/portal\/perfil-do-episcopado-atualizacao-mostra-que-309-bispos-estao-na-ativa-e-169-bispos-sao-emeritos\/\">Continue Reading<\/a><\/p>\n","protected":false},"author":2,"featured_media":56119,"comment_status":"open","ping_status":"open","sticky":false,"template":"","format":"standard","meta":{"footnotes":""},"categories":[4],"tags":[],"class_list":["post-56118","post","type-post","status-publish","format-standard","has-post-thumbnail","hentry","category-destaques"],"_links":{"self":[{"href":"http:\/\/portalcatolico.net\/portal\/wp-json\/wp\/v2\/posts\/56118","targetHints":{"allow":["GET"]}}],"collection":[{"href":"http:\/\/portalcatolico.net\/portal\/wp-json\/wp\/v2\/posts"}],"about":[{"href":"http:\/\/portalcatolico.net\/portal\/wp-json\/wp\/v2\/types\/post"}],"author":[{"embeddable":true,"href":"http:\/\/portalcatolico.net\/portal\/wp-json\/wp\/v2\/users\/2"}],"replies":[{"embeddable":true,"href":"http:\/\/portalcatolico.net\/portal\/wp-json\/wp\/v2\/comments?post=56118"}],"version-history":[{"count":1,"href":"http:\/\/portalcatolico.net\/portal\/wp-json\/wp\/v2\/posts\/56118\/revisions"}],"predecessor-version":[{"id":56120,"href":"http:\/\/portalcatolico.net\/portal\/wp-json\/wp\/v2\/posts\/56118\/revisions\/56120"}],"wp:featuredmedia":[{"embeddable":true,"href":"http:\/\/portalcatolico.net\/portal\/wp-json\/wp\/v2\/media\/56119"}],"wp:attachment":[{"href":"http:\/\/portalcatolico.net\/portal\/wp-json\/wp\/v2\/media?parent=56118"}],"wp:term":[{"taxonomy":"category","embeddable":true,"href":"http:\/\/portalcatolico.net\/portal\/wp-json\/wp\/v2\/categories?post=56118"},{"taxonomy":"post_tag","embeddable":true,"href":"http:\/\/portalcatolico.net\/portal\/wp-json\/wp\/v2\/tags?post=56118"}],"curies":[{"name":"wp","href":"https:\/\/api.w.org\/{rel}","templated":true}]}}