{"id":56111,"date":"2018-06-05T06:13:50","date_gmt":"2018-06-05T09:13:50","guid":{"rendered":"http:\/\/portalcatolico.net\/portal\/?p=56111"},"modified":"2018-06-05T06:13:50","modified_gmt":"2018-06-05T09:13:50","slug":"o-coracao-palpitante-da-igreja-e-a-eucaristia-ressalta-cardeal","status":"publish","type":"post","link":"http:\/\/portalcatolico.net\/portal\/o-coracao-palpitante-da-igreja-e-a-eucaristia-ressalta-cardeal\/","title":{"rendered":"O Cora\u00e7\u00e3o palpitante da Igreja \u00e9 a Eucaristia, ressalta Cardeal"},"content":{"rendered":"<p>Durante sua homilia por ocasi\u00e3o da Missa de Corpus Christi, o Arcebispo de Col\u00f4nia, Alemanha, Cardeal Rainer Maria Woelki, ressaltou aos fi\u00e9is presentes que a Eucaristia \u00e9 &#8220;o cora\u00e7\u00e3o palpitante da Igreja&#8221;.<\/p>\n<p>Segundo o purpurado, a celebra\u00e7\u00e3o da Santa Missa requer a participa\u00e7\u00e3o dos fi\u00e9is e torna presente o sacrif\u00edcio de Cristo. &#8220;A Igreja se erige a partir da Eucaristia. Portanto, quem quer que receba o Corpo do Senhor e tenha dito previamente, ao final da Ora\u00e7\u00e3o Eucar\u00edstica, seu &#8216;Am\u00e9m&#8217; afirmativo, diz &#8216;sim e Am\u00e9m&#8217; \u00e0 que Jesus est\u00e1 verdadeiramente presente, e n\u00e3o apenas em sentido figurado&#8221;.<\/p>\n<p>Quem participa na Comunh\u00e3o tamb\u00e9m diz &#8216;sim e Am\u00e9m&#8217; ao Papa e aos Bispos, assim como \u00e0 estrutura sacramental da Igreja e aos Santos e sua venera\u00e7\u00e3o, recordou Arcebispo de Col\u00f4nia.<\/p>\n<p>Sobre a solenidade de Corpus Christi, o Cardeal explicou que n\u00e3o \u00e9 uma celebra\u00e7\u00e3o qualquer. &#8220;\u00c9 uma celebra\u00e7\u00e3o de alegria. Uma celebra\u00e7\u00e3o de a\u00e7\u00e3o de gra\u00e7as.<\/p>\n<p>No final de seu serm\u00e3o, o Cardeal Woelki tratou a respeito do debate sobre a comunh\u00e3o aos protestantes casados com cat\u00f3licos, afirmando que este assunto \u00e9 de &#8220;vida ou morte. Isto \u00e9 sobre a morte e ressurrei\u00e7\u00e3o. Isto \u00e9 sobre a vida eterna, \u00e9 sobre Cristo. Isto \u00e9 sobre sua Igreja. E portanto devemos lutar e buscar o caminho correto. N\u00e3o qualquer caminho, mas o caminho do Senhor. Ele \u00e9 o caminho, a verdade e a vida&#8221;.<\/p>\n<p>O purpurado recordou que a Igreja Cat\u00f3lica na Alemanha n\u00e3o \u00e9 uma igreja nacional, mas &#8220;somos parte da grande Igreja universal. Todas nossas Dioceses alem\u00e3s est\u00e3o integradas ao resto do mundo, unidas sob a autoridade do Santo Padre. Por isso nos encontramos com Cristo, com Ele na unidade com todas as outras igrejas particulares. Em fidelidade ao bem da F\u00e9 que nos entregaram os ap\u00f3stolos&#8221;.(Gaudiumpress)<\/p>\n","protected":false},"excerpt":{"rendered":"<p>Durante sua homilia por ocasi\u00e3o da Missa de Corpus Christi, o Arcebispo de Col\u00f4nia, Alemanha, Cardeal Rainer Maria Woelki, ressaltou aos fi\u00e9is presentes que a Eucaristia \u00e9 &#8220;o cora\u00e7\u00e3o palpitante da Igreja&#8221;. Segundo o purpurado, a celebra\u00e7\u00e3o da Santa Missa requer a participa\u00e7\u00e3o dos fi\u00e9is e torna presente o sacrif\u00edcio de Cristo. &#8220;A Igreja se&nbsp;<\/p>\n<p><a class=\"btn btn-style\" href=\"http:\/\/portalcatolico.net\/portal\/o-coracao-palpitante-da-igreja-e-a-eucaristia-ressalta-cardeal\/\">Continue Reading<\/a><\/p>\n","protected":false},"author":2,"featured_media":56112,"comment_status":"open","ping_status":"open","sticky":false,"template":"","format":"standard","meta":{"footnotes":""},"categories":[5],"tags":[],"class_list":["post-56111","post","type-post","status-publish","format-standard","has-post-thumbnail","hentry","category-igreja_no_mundo"],"_links":{"self":[{"href":"http:\/\/portalcatolico.net\/portal\/wp-json\/wp\/v2\/posts\/56111","targetHints":{"allow":["GET"]}}],"collection":[{"href":"http:\/\/portalcatolico.net\/portal\/wp-json\/wp\/v2\/posts"}],"about":[{"href":"http:\/\/portalcatolico.net\/portal\/wp-json\/wp\/v2\/types\/post"}],"author":[{"embeddable":true,"href":"http:\/\/portalcatolico.net\/portal\/wp-json\/wp\/v2\/users\/2"}],"replies":[{"embeddable":true,"href":"http:\/\/portalcatolico.net\/portal\/wp-json\/wp\/v2\/comments?post=56111"}],"version-history":[{"count":1,"href":"http:\/\/portalcatolico.net\/portal\/wp-json\/wp\/v2\/posts\/56111\/revisions"}],"predecessor-version":[{"id":56113,"href":"http:\/\/portalcatolico.net\/portal\/wp-json\/wp\/v2\/posts\/56111\/revisions\/56113"}],"wp:featuredmedia":[{"embeddable":true,"href":"http:\/\/portalcatolico.net\/portal\/wp-json\/wp\/v2\/media\/56112"}],"wp:attachment":[{"href":"http:\/\/portalcatolico.net\/portal\/wp-json\/wp\/v2\/media?parent=56111"}],"wp:term":[{"taxonomy":"category","embeddable":true,"href":"http:\/\/portalcatolico.net\/portal\/wp-json\/wp\/v2\/categories?post=56111"},{"taxonomy":"post_tag","embeddable":true,"href":"http:\/\/portalcatolico.net\/portal\/wp-json\/wp\/v2\/tags?post=56111"}],"curies":[{"name":"wp","href":"https:\/\/api.w.org\/{rel}","templated":true}]}}