{"id":56098,"date":"2018-06-04T22:32:47","date_gmt":"2018-06-05T01:32:47","guid":{"rendered":"http:\/\/portalcatolico.net\/portal\/?p=56098"},"modified":"2018-06-04T22:41:36","modified_gmt":"2018-06-05T01:41:36","slug":"paroquias-celebram-santo-antonio-acompanhe-a-programacao","status":"publish","type":"post","link":"http:\/\/portalcatolico.net\/portal\/paroquias-celebram-santo-antonio-acompanhe-a-programacao\/","title":{"rendered":"Par\u00f3quias celebram Santo Ant\u00f4nio. Acompanhe a programa\u00e7\u00e3o!"},"content":{"rendered":"<p class=\"m_4190503617323148672xgmail-msonospacing\"><em><img loading=\"lazy\" decoding=\"async\" class=\"size-medium wp-image-56102 alignleft\" src=\"http:\/\/portalcatolico.net\/portal\/wp-content\/uploads\/2018\/06\/5-1-300x225.jpg\" alt=\"\" width=\"300\" height=\"225\" srcset=\"http:\/\/portalcatolico.net\/portal\/wp-content\/uploads\/2018\/06\/5-1-300x225.jpg 300w, http:\/\/portalcatolico.net\/portal\/wp-content\/uploads\/2018\/06\/5-1-768x576.jpg 768w, http:\/\/portalcatolico.net\/portal\/wp-content\/uploads\/2018\/06\/5-1.jpg 1000w\" sizes=\"auto, (max-width: 300px) 100vw, 300px\" \/>A Par\u00f3quia Santo Ant\u00f4nio, Faronia centro na cidade e Diocese de Itabuna, sul da Bahia, est\u00e1 celebrando o&nbsp; Trezen\u00e1rio de Santo Ant\u00f4nio. A programa\u00e7\u00e3o teve in\u00edcio no dia 01 e segue at\u00e9 13 de junho, dia dedicado ao padroeiro do bairro.<u><\/u><u><\/u><\/em><\/p>\n<p class=\"m_4190503617323148672xgmail-msonospacing\"><em>As missas est\u00e3o sendo realizadas todos os dias, sempre \u00e0s 19h. E neste ano tem uma novidade: durante todo o trezen\u00e1rio, as missas ser\u00e3o transmitidas ao vivo pelo Facebook da par\u00f3quia. Logo ap\u00f3s a santa missa, tem quermesse com vendas de comidas. Para as crian\u00e7as foi&nbsp;disponibilizado&nbsp;um espa\u00e7o com brincadeiras.<\/em><u><\/u><u><\/u><\/p>\n<p class=\"m_4190503617323148672xgmail-msonospacing\"><em>O tema central da festa deste ano \u00e9: \u201cSanto Ant\u00f4nio, modelo de obedi\u00eancia\u201d. Com o lema: \u201cEu vim para servir\u201d (MC 10,45).<\/em><u><\/u><u><\/u><\/p>\n<p class=\"m_4190503617323148672xgmail-msonospacing\"><em><img loading=\"lazy\" decoding=\"async\" class=\"size-medium wp-image-56103 alignright\" src=\"http:\/\/portalcatolico.net\/portal\/wp-content\/uploads\/2018\/06\/8-300x225.jpg\" alt=\"\" width=\"300\" height=\"225\" srcset=\"http:\/\/portalcatolico.net\/portal\/wp-content\/uploads\/2018\/06\/8-300x225.jpg 300w, http:\/\/portalcatolico.net\/portal\/wp-content\/uploads\/2018\/06\/8-768x576.jpg 768w, http:\/\/portalcatolico.net\/portal\/wp-content\/uploads\/2018\/06\/8.jpg 1000w\" sizes=\"auto, (max-width: 300px) 100vw, 300px\" \/>Nesta segunda-feira (04) aconteceu a 4\u00aa noite com o subtema: \u201cO Sant\u00edssimo Corpo e sangue Jesus Cristo, alimento que nos levar a servir\u201d, e para refleti-lo, o convidado especial foi o Padre Ac\u00e1ssio Alves, p\u00e1roco da Par\u00f3quia S\u00e3o Judas Tadeu em Itabuna. Na oportunidade, ele disse: \u201cAnt\u00f4nio \u00e9 um santo de grande gosto popular. Tanto tempo da morte de Ant\u00f4nio mas ele continua vivo na mem\u00f3ria dos brasileiros, dos portugueses. O santo que repercute em v\u00e1rias na\u00e7\u00f5es\u201d.<\/em><u><\/u><u><\/u><\/p>\n<p class=\"m_4190503617323148672xgmail-msonospacing\"><em>&nbsp;<\/em><u><\/u><u><\/u><em>A Diocese de Itabuna tem mais par\u00f3quias e santu\u00e1rios que est\u00e3o festejando o santo conhecido como casamenteiro. S\u00e3o elas: Par\u00f3quia Santo Ant\u00f4nio, do bairro santo Ant\u00f4nio; Santu\u00e1rio Santo Ant\u00f4nio, situado na Avenida do Cinquenten\u00e1rio, pertencente \u00e0 Paroquia S\u00e3o Judas Tadeu; e outras tr\u00eas par\u00f3quias nas cidades de Itaju&nbsp;do Col\u00f4nia, Firmino Alves e Itoror\u00f3.<u><\/u><u><\/u><\/em><\/p>\n<p class=\"m_4190503617323148672xgmail-msonospacing\"><em>Vale ressaltar que o dia 13 de junho \u00e9 ser\u00e1 feriado municipal religioso nestas tr\u00eas cidades citadas.&nbsp;<\/em><\/p>\n<p>Texto:Reda\u00e7\u00e3o\/Portal Cat\u00f3lico.Net<\/p>\n<p><img loading=\"lazy\" decoding=\"async\" class=\"alignnone size-medium wp-image-56104\" src=\"http:\/\/portalcatolico.net\/portal\/wp-content\/uploads\/2018\/06\/4-2-300x225.jpg\" alt=\"\" width=\"300\" height=\"225\" srcset=\"http:\/\/portalcatolico.net\/portal\/wp-content\/uploads\/2018\/06\/4-2-300x225.jpg 300w, http:\/\/portalcatolico.net\/portal\/wp-content\/uploads\/2018\/06\/4-2-768x576.jpg 768w, http:\/\/portalcatolico.net\/portal\/wp-content\/uploads\/2018\/06\/4-2.jpg 1000w\" sizes=\"auto, (max-width: 300px) 100vw, 300px\" \/><img loading=\"lazy\" decoding=\"async\" class=\"alignnone size-medium wp-image-56105\" src=\"http:\/\/portalcatolico.net\/portal\/wp-content\/uploads\/2018\/06\/2-2-300x225.jpg\" alt=\"\" width=\"300\" height=\"225\" srcset=\"http:\/\/portalcatolico.net\/portal\/wp-content\/uploads\/2018\/06\/2-2-300x225.jpg 300w, http:\/\/portalcatolico.net\/portal\/wp-content\/uploads\/2018\/06\/2-2-768x576.jpg 768w, http:\/\/portalcatolico.net\/portal\/wp-content\/uploads\/2018\/06\/2-2.jpg 1000w\" sizes=\"auto, (max-width: 300px) 100vw, 300px\" \/><\/p>\n<p><img loading=\"lazy\" decoding=\"async\" class=\"alignnone size-medium wp-image-56106\" src=\"http:\/\/portalcatolico.net\/portal\/wp-content\/uploads\/2018\/06\/9-300x225.jpg\" alt=\"\" width=\"300\" height=\"225\" srcset=\"http:\/\/portalcatolico.net\/portal\/wp-content\/uploads\/2018\/06\/9-300x225.jpg 300w, http:\/\/portalcatolico.net\/portal\/wp-content\/uploads\/2018\/06\/9-768x576.jpg 768w, http:\/\/portalcatolico.net\/portal\/wp-content\/uploads\/2018\/06\/9.jpg 1000w\" sizes=\"auto, (max-width: 300px) 100vw, 300px\" \/> <img loading=\"lazy\" decoding=\"async\" class=\"alignnone size-medium wp-image-56107\" src=\"http:\/\/portalcatolico.net\/portal\/wp-content\/uploads\/2018\/06\/10-300x225.jpg\" alt=\"\" width=\"300\" height=\"225\" srcset=\"http:\/\/portalcatolico.net\/portal\/wp-content\/uploads\/2018\/06\/10-300x225.jpg 300w, http:\/\/portalcatolico.net\/portal\/wp-content\/uploads\/2018\/06\/10-768x576.jpg 768w, http:\/\/portalcatolico.net\/portal\/wp-content\/uploads\/2018\/06\/10.jpg 1000w\" sizes=\"auto, (max-width: 300px) 100vw, 300px\" \/> <img loading=\"lazy\" decoding=\"async\" class=\"alignnone size-medium wp-image-56108\" src=\"http:\/\/portalcatolico.net\/portal\/wp-content\/uploads\/2018\/06\/11-300x225.jpg\" alt=\"\" width=\"300\" height=\"225\" srcset=\"http:\/\/portalcatolico.net\/portal\/wp-content\/uploads\/2018\/06\/11-300x225.jpg 300w, http:\/\/portalcatolico.net\/portal\/wp-content\/uploads\/2018\/06\/11-768x576.jpg 768w, http:\/\/portalcatolico.net\/portal\/wp-content\/uploads\/2018\/06\/11.jpg 1000w\" sizes=\"auto, (max-width: 300px) 100vw, 300px\" \/><img loading=\"lazy\" decoding=\"async\" class=\"alignnone size-medium wp-image-56109\" src=\"http:\/\/portalcatolico.net\/portal\/wp-content\/uploads\/2018\/06\/7-300x225.jpg\" alt=\"\" width=\"300\" height=\"225\" srcset=\"http:\/\/portalcatolico.net\/portal\/wp-content\/uploads\/2018\/06\/7-300x225.jpg 300w, http:\/\/portalcatolico.net\/portal\/wp-content\/uploads\/2018\/06\/7-768x576.jpg 768w, http:\/\/portalcatolico.net\/portal\/wp-content\/uploads\/2018\/06\/7.jpg 1000w\" sizes=\"auto, (max-width: 300px) 100vw, 300px\" \/><\/p>\n","protected":false},"excerpt":{"rendered":"<p>A Par\u00f3quia Santo Ant\u00f4nio, Faronia centro na cidade e Diocese de Itabuna, sul da Bahia, est\u00e1 celebrando o&nbsp; Trezen\u00e1rio de Santo Ant\u00f4nio. A programa\u00e7\u00e3o teve in\u00edcio no dia 01 e segue at\u00e9 13 de junho, dia dedicado ao padroeiro do bairro. As missas est\u00e3o sendo realizadas todos os dias, sempre \u00e0s 19h. E neste ano&nbsp;<\/p>\n<p><a class=\"btn btn-style\" href=\"http:\/\/portalcatolico.net\/portal\/paroquias-celebram-santo-antonio-acompanhe-a-programacao\/\">Continue Reading<\/a><\/p>\n","protected":false},"author":2,"featured_media":56099,"comment_status":"open","ping_status":"open","sticky":false,"template":"","format":"standard","meta":{"footnotes":""},"categories":[68],"tags":[],"class_list":["post-56098","post","type-post","status-publish","format-standard","has-post-thumbnail","hentry","category-homilias"],"_links":{"self":[{"href":"http:\/\/portalcatolico.net\/portal\/wp-json\/wp\/v2\/posts\/56098","targetHints":{"allow":["GET"]}}],"collection":[{"href":"http:\/\/portalcatolico.net\/portal\/wp-json\/wp\/v2\/posts"}],"about":[{"href":"http:\/\/portalcatolico.net\/portal\/wp-json\/wp\/v2\/types\/post"}],"author":[{"embeddable":true,"href":"http:\/\/portalcatolico.net\/portal\/wp-json\/wp\/v2\/users\/2"}],"replies":[{"embeddable":true,"href":"http:\/\/portalcatolico.net\/portal\/wp-json\/wp\/v2\/comments?post=56098"}],"version-history":[{"count":3,"href":"http:\/\/portalcatolico.net\/portal\/wp-json\/wp\/v2\/posts\/56098\/revisions"}],"predecessor-version":[{"id":56110,"href":"http:\/\/portalcatolico.net\/portal\/wp-json\/wp\/v2\/posts\/56098\/revisions\/56110"}],"wp:featuredmedia":[{"embeddable":true,"href":"http:\/\/portalcatolico.net\/portal\/wp-json\/wp\/v2\/media\/56099"}],"wp:attachment":[{"href":"http:\/\/portalcatolico.net\/portal\/wp-json\/wp\/v2\/media?parent=56098"}],"wp:term":[{"taxonomy":"category","embeddable":true,"href":"http:\/\/portalcatolico.net\/portal\/wp-json\/wp\/v2\/categories?post=56098"},{"taxonomy":"post_tag","embeddable":true,"href":"http:\/\/portalcatolico.net\/portal\/wp-json\/wp\/v2\/tags?post=56098"}],"curies":[{"name":"wp","href":"https:\/\/api.w.org\/{rel}","templated":true}]}}