{"id":56088,"date":"2018-06-03T21:36:55","date_gmt":"2018-06-04T00:36:55","guid":{"rendered":"http:\/\/portalcatolico.net\/portal\/?p=56088"},"modified":"2018-06-03T21:40:11","modified_gmt":"2018-06-04T00:40:11","slug":"jovens-crismandos-participam-de-retiro-em-itabuna","status":"publish","type":"post","link":"http:\/\/portalcatolico.net\/portal\/jovens-crismandos-participam-de-retiro-em-itabuna\/","title":{"rendered":"Jovens crismandos participam de Retiro em Itabuna"},"content":{"rendered":"<p style=\"font-weight: 400;\"><em>Neste domingo, 03 de junho, um grupo de trinta e tr\u00eas&nbsp;&nbsp;jovens da par\u00f3quia Santa Rita de C\u00e1ssia participou em Itabuna (BA), do Retiro Espiritual na Casa de eventos \u201cO Coliseu\u201d, e na Comunidade S\u00e3o Francisco de Assis.<\/em><\/p>\n<p style=\"font-weight: 400;\"><em>&nbsp;No retiro, os jovens tiveram o seu momento de deserto pessoal, onde puderam em sil\u00eancio, contemplar a beleza da cria\u00e7\u00e3o e ouvir os apelos de Deus, fazendo uma revis\u00e3o de vida e se prepararam para a missa do sacramento da crisma.<\/em><\/p>\n<p style=\"font-weight: 400;\"><em>Al\u00e9m disso, os jovens participaram de&nbsp;&nbsp;momentos de adora\u00e7\u00e3o ao Sant\u00edssimo Sacramento, partilha em plen\u00e1ria, momento mariano (ter\u00e7o). Na oportunidade, muitos jovens falaram de suas experi\u00eancias passadas (um deles contou que&nbsp;&nbsp;at\u00e9 j\u00e1 fez parte da igreja evang\u00e9lica) e comentaram como foi o processo de chegar at\u00e9 o momento de se Crismar.<\/em><\/p>\n<p style=\"font-weight: 400;\"><em>O retiro teve o apoio da Pastoral Familiar e da Pastoral da Catequese, al\u00e9m de catequistas e da coordena\u00e7\u00e3o dos Coroinhas. Vale ressaltar que o Retiro dos Jovens Crismandos tem como Coordenadores, o casal Lopes e Roberta.<\/em><\/p>\n<p style=\"font-weight: 400;\"><em>&nbsp;\u201cNo s\u00e1bado, voc\u00eas ser\u00e3o soldados de Cristo. Ir\u00e3o para o mundo para testemunhar esse Deus que voc\u00eas conheceram. E tudo que n\u00f3s falamos e passamos para voc\u00eas, foi para o crescimento e aprendizado de voc\u00eas\u201d, disse Roberta.<\/em><\/p>\n<p><em>A Crisma \u00e9 o Sacramento da maturidade na f\u00e9, \u00e9 uma op\u00e7\u00e3o consciente por Jesus Cristo e por sua proposta de vida. Os valores de Jesus s\u00e3o tamb\u00e9m os valores que devem ser defendidos e vivenciados por um jovem crist\u00e3o. Quem \u00e9 crismado recebe a for\u00e7a do Esp\u00edrito Santo para viver com alegria e disposi\u00e7\u00e3o a servi\u00e7o dos valores do Evangelho, testemunhando a f\u00e9 e praticando a caridade e a solidariedade.<\/em><\/p>\n<p>Texto e fotos:Reda\u00e7\u00e3o\/Portal Cat\u00f3lico.Net<\/p>\n<p><img loading=\"lazy\" decoding=\"async\" class=\"alignnone size-medium wp-image-56091\" src=\"http:\/\/portalcatolico.net\/portal\/wp-content\/uploads\/2018\/06\/4-1-300x225.jpg\" alt=\"\" width=\"300\" height=\"225\" srcset=\"http:\/\/portalcatolico.net\/portal\/wp-content\/uploads\/2018\/06\/4-1-300x225.jpg 300w, http:\/\/portalcatolico.net\/portal\/wp-content\/uploads\/2018\/06\/4-1-768x576.jpg 768w, http:\/\/portalcatolico.net\/portal\/wp-content\/uploads\/2018\/06\/4-1.jpg 1000w\" sizes=\"auto, (max-width: 300px) 100vw, 300px\" \/> <img loading=\"lazy\" decoding=\"async\" class=\"alignnone size-medium wp-image-56092\" src=\"http:\/\/portalcatolico.net\/portal\/wp-content\/uploads\/2018\/06\/5-300x225.jpg\" alt=\"\" width=\"300\" height=\"225\" srcset=\"http:\/\/portalcatolico.net\/portal\/wp-content\/uploads\/2018\/06\/5-300x225.jpg 300w, http:\/\/portalcatolico.net\/portal\/wp-content\/uploads\/2018\/06\/5-768x576.jpg 768w, http:\/\/portalcatolico.net\/portal\/wp-content\/uploads\/2018\/06\/5.jpg 1000w\" sizes=\"auto, (max-width: 300px) 100vw, 300px\" \/><\/p>\n","protected":false},"excerpt":{"rendered":"<p>Neste domingo, 03 de junho, um grupo de trinta e tr\u00eas&nbsp;&nbsp;jovens da par\u00f3quia Santa Rita de C\u00e1ssia participou em Itabuna (BA), do Retiro Espiritual na Casa de eventos \u201cO Coliseu\u201d, e na Comunidade S\u00e3o Francisco de Assis. &nbsp;No retiro, os jovens tiveram o seu momento de deserto pessoal, onde puderam em sil\u00eancio, contemplar a beleza&nbsp;<\/p>\n<p><a class=\"btn btn-style\" href=\"http:\/\/portalcatolico.net\/portal\/jovens-crismandos-participam-de-retiro-em-itabuna\/\">Continue Reading<\/a><\/p>\n","protected":false},"author":2,"featured_media":56089,"comment_status":"open","ping_status":"open","sticky":false,"template":"","format":"standard","meta":{"footnotes":""},"categories":[65],"tags":[],"class_list":["post-56088","post","type-post","status-publish","format-standard","has-post-thumbnail","hentry","category-entrevistas"],"_links":{"self":[{"href":"http:\/\/portalcatolico.net\/portal\/wp-json\/wp\/v2\/posts\/56088","targetHints":{"allow":["GET"]}}],"collection":[{"href":"http:\/\/portalcatolico.net\/portal\/wp-json\/wp\/v2\/posts"}],"about":[{"href":"http:\/\/portalcatolico.net\/portal\/wp-json\/wp\/v2\/types\/post"}],"author":[{"embeddable":true,"href":"http:\/\/portalcatolico.net\/portal\/wp-json\/wp\/v2\/users\/2"}],"replies":[{"embeddable":true,"href":"http:\/\/portalcatolico.net\/portal\/wp-json\/wp\/v2\/comments?post=56088"}],"version-history":[{"count":4,"href":"http:\/\/portalcatolico.net\/portal\/wp-json\/wp\/v2\/posts\/56088\/revisions"}],"predecessor-version":[{"id":56095,"href":"http:\/\/portalcatolico.net\/portal\/wp-json\/wp\/v2\/posts\/56088\/revisions\/56095"}],"wp:featuredmedia":[{"embeddable":true,"href":"http:\/\/portalcatolico.net\/portal\/wp-json\/wp\/v2\/media\/56089"}],"wp:attachment":[{"href":"http:\/\/portalcatolico.net\/portal\/wp-json\/wp\/v2\/media?parent=56088"}],"wp:term":[{"taxonomy":"category","embeddable":true,"href":"http:\/\/portalcatolico.net\/portal\/wp-json\/wp\/v2\/categories?post=56088"},{"taxonomy":"post_tag","embeddable":true,"href":"http:\/\/portalcatolico.net\/portal\/wp-json\/wp\/v2\/tags?post=56088"}],"curies":[{"name":"wp","href":"https:\/\/api.w.org\/{rel}","templated":true}]}}