{"id":56079,"date":"2018-06-03T21:28:55","date_gmt":"2018-06-04T00:28:55","guid":{"rendered":"http:\/\/portalcatolico.net\/portal\/?p=56079"},"modified":"2018-06-03T22:05:13","modified_gmt":"2018-06-04T01:05:13","slug":"familia-e-evangelizacao-foram-refletidos-em-palestra-na-paroquia-santa-rita-de-cassia","status":"publish","type":"post","link":"http:\/\/portalcatolico.net\/portal\/familia-e-evangelizacao-foram-refletidos-em-palestra-na-paroquia-santa-rita-de-cassia\/","title":{"rendered":"Fam\u00edlia e evangeliza\u00e7\u00e3o foram refletidos em palestra na Par\u00f3quia Santa Rita de C\u00e1ssia"},"content":{"rendered":"<p class=\"m_8847700356252690294xgmail-msonospacing\"><em>As pastorais Familiar e&nbsp;&nbsp;Catequese da Par\u00f3quia Santa Rita de C\u00e1ssia em Itabuna(BA) reuniu pais, filhos, av\u00f3s e netos, neste \u00faltimo s\u00e1bado, 02 de junho, na&nbsp;&nbsp;igreja matriz para falar sobre a miss\u00e3o de ser fam\u00edlia, viver na f\u00e9 e educar seus filhos na presen\u00e7a de Jesus Cristo.<u><\/u><u><\/u><\/em><\/p>\n<p class=\"m_8847700356252690294xgmail-msonospacing\"><em>\u00c0s 16h, crian\u00e7as e adolescentes da Catequese, Crisma e Perseveran\u00e7a das comunidades e da igreja matriz prestigiaram a palestra ministrada&nbsp;&nbsp;por Eduardo e Jandilva, casal que faz parte da Pastoral Familiar. A palestra teve como tema:&nbsp;&nbsp;\u201cA voca\u00e7\u00e3o da Fam\u00edlia \u00e0 Santidade\u201d. Al\u00e9m da palestra, houve muita m\u00fasica e ora\u00e7\u00e3o.<\/em><i><br \/>\n<em>Um trecho da palestra foi dedicado a fazer os pais refletirem como est\u00e3o agindo com seus filhos: \u201cM\u00e3e e pai s\u00e3o respons\u00e1veis pelos seus filhos. No dia do Batismo, est\u00e3o l\u00e1: pais, filhos e padrinhos. Mas, e a\u00ed? Est\u00e3o cumprindo o juramento que fizeram no dia do Batismo? Porque se os pais n\u00e3o acompanham os seus filhos, o juramento se quebra.\u201d<u><\/u><u><\/u><\/em><\/i><\/p>\n<p class=\"m_8847700356252690294xgmail-msonospacing\"><em>Como membro da sociedade, os pais crist\u00e3os precisam educar seus filhos e n\u00e3o devem deixar tal encargo sob responsabilidade \u00fanica da igreja ou de qualquer outra institui\u00e7\u00e3o. A&nbsp;&nbsp;coordena\u00e7\u00e3o aproveitou a oportunidade para avisar e convidar os pais para participarem da Semana da Fam\u00edlia na Diocese de Itabuna que acontecer\u00e1 de 12 a 18 de agosto.<\/em><\/p>\n<p>Texto e fotos:Portal Cat\u00f3lico.Net<\/p>\n<p><img loading=\"lazy\" decoding=\"async\" class=\"alignnone size-medium wp-image-56082\" src=\"http:\/\/portalcatolico.net\/portal\/wp-content\/uploads\/2018\/06\/1-2-300x225.jpg\" alt=\"\" width=\"300\" height=\"225\" srcset=\"http:\/\/portalcatolico.net\/portal\/wp-content\/uploads\/2018\/06\/1-2-300x225.jpg 300w, http:\/\/portalcatolico.net\/portal\/wp-content\/uploads\/2018\/06\/1-2-768x576.jpg 768w, http:\/\/portalcatolico.net\/portal\/wp-content\/uploads\/2018\/06\/1-2.jpg 1000w\" sizes=\"auto, (max-width: 300px) 100vw, 300px\" \/> <img loading=\"lazy\" decoding=\"async\" class=\"alignnone size-medium wp-image-56084\" src=\"http:\/\/portalcatolico.net\/portal\/wp-content\/uploads\/2018\/06\/2-1-300x225.jpg\" alt=\"\" width=\"300\" height=\"225\" srcset=\"http:\/\/portalcatolico.net\/portal\/wp-content\/uploads\/2018\/06\/2-1-300x225.jpg 300w, http:\/\/portalcatolico.net\/portal\/wp-content\/uploads\/2018\/06\/2-1-768x576.jpg 768w, http:\/\/portalcatolico.net\/portal\/wp-content\/uploads\/2018\/06\/2-1.jpg 1000w\" sizes=\"auto, (max-width: 300px) 100vw, 300px\" \/> <img loading=\"lazy\" decoding=\"async\" class=\"alignnone size-medium wp-image-56085\" src=\"http:\/\/portalcatolico.net\/portal\/wp-content\/uploads\/2018\/06\/3-300x225.jpg\" alt=\"\" width=\"300\" height=\"225\" srcset=\"http:\/\/portalcatolico.net\/portal\/wp-content\/uploads\/2018\/06\/3-300x225.jpg 300w, http:\/\/portalcatolico.net\/portal\/wp-content\/uploads\/2018\/06\/3-768x576.jpg 768w, http:\/\/portalcatolico.net\/portal\/wp-content\/uploads\/2018\/06\/3.jpg 1000w\" sizes=\"auto, (max-width: 300px) 100vw, 300px\" \/> <img loading=\"lazy\" decoding=\"async\" class=\"alignnone size-medium wp-image-56086\" src=\"http:\/\/portalcatolico.net\/portal\/wp-content\/uploads\/2018\/06\/4-300x225.jpg\" alt=\"\" width=\"300\" height=\"225\" srcset=\"http:\/\/portalcatolico.net\/portal\/wp-content\/uploads\/2018\/06\/4-300x225.jpg 300w, http:\/\/portalcatolico.net\/portal\/wp-content\/uploads\/2018\/06\/4-768x576.jpg 768w, http:\/\/portalcatolico.net\/portal\/wp-content\/uploads\/2018\/06\/4.jpg 1000w\" sizes=\"auto, (max-width: 300px) 100vw, 300px\" \/><\/p>\n","protected":false},"excerpt":{"rendered":"<p>As pastorais Familiar e&nbsp;&nbsp;Catequese da Par\u00f3quia Santa Rita de C\u00e1ssia em Itabuna(BA) reuniu pais, filhos, av\u00f3s e netos, neste \u00faltimo s\u00e1bado, 02 de junho, na&nbsp;&nbsp;igreja matriz para falar sobre a miss\u00e3o de ser fam\u00edlia, viver na f\u00e9 e educar seus filhos na presen\u00e7a de Jesus Cristo. \u00c0s 16h, crian\u00e7as e adolescentes da Catequese, Crisma e&nbsp;<\/p>\n<p><a class=\"btn btn-style\" href=\"http:\/\/portalcatolico.net\/portal\/familia-e-evangelizacao-foram-refletidos-em-palestra-na-paroquia-santa-rita-de-cassia\/\">Continue Reading<\/a><\/p>\n","protected":false},"author":2,"featured_media":56080,"comment_status":"open","ping_status":"open","sticky":false,"template":"","format":"standard","meta":{"footnotes":""},"categories":[4],"tags":[],"class_list":["post-56079","post","type-post","status-publish","format-standard","has-post-thumbnail","hentry","category-destaques"],"_links":{"self":[{"href":"http:\/\/portalcatolico.net\/portal\/wp-json\/wp\/v2\/posts\/56079","targetHints":{"allow":["GET"]}}],"collection":[{"href":"http:\/\/portalcatolico.net\/portal\/wp-json\/wp\/v2\/posts"}],"about":[{"href":"http:\/\/portalcatolico.net\/portal\/wp-json\/wp\/v2\/types\/post"}],"author":[{"embeddable":true,"href":"http:\/\/portalcatolico.net\/portal\/wp-json\/wp\/v2\/users\/2"}],"replies":[{"embeddable":true,"href":"http:\/\/portalcatolico.net\/portal\/wp-json\/wp\/v2\/comments?post=56079"}],"version-history":[{"count":4,"href":"http:\/\/portalcatolico.net\/portal\/wp-json\/wp\/v2\/posts\/56079\/revisions"}],"predecessor-version":[{"id":56097,"href":"http:\/\/portalcatolico.net\/portal\/wp-json\/wp\/v2\/posts\/56079\/revisions\/56097"}],"wp:featuredmedia":[{"embeddable":true,"href":"http:\/\/portalcatolico.net\/portal\/wp-json\/wp\/v2\/media\/56080"}],"wp:attachment":[{"href":"http:\/\/portalcatolico.net\/portal\/wp-json\/wp\/v2\/media?parent=56079"}],"wp:term":[{"taxonomy":"category","embeddable":true,"href":"http:\/\/portalcatolico.net\/portal\/wp-json\/wp\/v2\/categories?post=56079"},{"taxonomy":"post_tag","embeddable":true,"href":"http:\/\/portalcatolico.net\/portal\/wp-json\/wp\/v2\/tags?post=56079"}],"curies":[{"name":"wp","href":"https:\/\/api.w.org\/{rel}","templated":true}]}}