{"id":56073,"date":"2018-06-03T21:08:56","date_gmt":"2018-06-04T00:08:56","guid":{"rendered":"http:\/\/portalcatolico.net\/portal\/?p=56073"},"modified":"2018-06-03T21:20:17","modified_gmt":"2018-06-04T00:20:17","slug":"retiro-espiritual-acontece-na-paroquia-santa-rita-de-cassia","status":"publish","type":"post","link":"http:\/\/portalcatolico.net\/portal\/retiro-espiritual-acontece-na-paroquia-santa-rita-de-cassia\/","title":{"rendered":"Retiro espiritual acontece na Par\u00f3quia Santa Rita de C\u00e1ssia"},"content":{"rendered":"<p class=\"m_-4142501792459912083xgmail-msonospacing\"><em>Aconteceu neste domingo, 03 de junho, o retiro espiritual do Movimento do Apostolado da Ora\u00e7\u00e3o, no sal\u00e3o&nbsp;&nbsp;paroquial da igreja matriz de Santa Rita de C\u00e1ssia, em Itabuna (BA).<u><\/u><u><\/u><\/em><\/p>\n<p class=\"m_-4142501792459912083xgmail-msonospacing\"><em>O evento teve in\u00edcio com a santa missa, \u00e0s 6h30, e em seguida, aconteceu um delicioso caf\u00e9 da manh\u00e3.<u><\/u><u><\/u><\/em><\/p>\n<p class=\"m_-4142501792459912083xgmail-msonospacing\"><em>O retiro foi em prepara\u00e7\u00e3o ao Tr\u00edduo&nbsp;&nbsp;do Sagrado Cora\u00e7\u00e3o que acontecer\u00e1 de 5 a 8 de Junho, sempre \u00e0s 19h, na Igreja Matriz de Santa Rita, que fica no bairro S\u00e3o Caetano. Participe!<\/em><\/p>\n<p><img loading=\"lazy\" decoding=\"async\" class=\"wp-image-56077 aligncenter\" src=\"http:\/\/portalcatolico.net\/portal\/wp-content\/uploads\/2018\/06\/1-300x225.jpg\" alt=\"\" width=\"719\" height=\"539\" srcset=\"http:\/\/portalcatolico.net\/portal\/wp-content\/uploads\/2018\/06\/1-300x225.jpg 300w, http:\/\/portalcatolico.net\/portal\/wp-content\/uploads\/2018\/06\/1-768x576.jpg 768w, http:\/\/portalcatolico.net\/portal\/wp-content\/uploads\/2018\/06\/1.jpg 1000w\" sizes=\"auto, (max-width: 719px) 100vw, 719px\" \/><\/p>\n","protected":false},"excerpt":{"rendered":"<p>Aconteceu neste domingo, 03 de junho, o retiro espiritual do Movimento do Apostolado da Ora\u00e7\u00e3o, no sal\u00e3o&nbsp;&nbsp;paroquial da igreja matriz de Santa Rita de C\u00e1ssia, em Itabuna (BA). O evento teve in\u00edcio com a santa missa, \u00e0s 6h30, e em seguida, aconteceu um delicioso caf\u00e9 da manh\u00e3. O retiro foi em prepara\u00e7\u00e3o ao Tr\u00edduo&nbsp;&nbsp;do Sagrado&nbsp;<\/p>\n<p><a class=\"btn btn-style\" href=\"http:\/\/portalcatolico.net\/portal\/retiro-espiritual-acontece-na-paroquia-santa-rita-de-cassia\/\">Continue Reading<\/a><\/p>\n","protected":false},"author":2,"featured_media":56074,"comment_status":"open","ping_status":"open","sticky":false,"template":"","format":"standard","meta":{"footnotes":""},"categories":[4],"tags":[],"class_list":["post-56073","post","type-post","status-publish","format-standard","has-post-thumbnail","hentry","category-destaques"],"_links":{"self":[{"href":"http:\/\/portalcatolico.net\/portal\/wp-json\/wp\/v2\/posts\/56073","targetHints":{"allow":["GET"]}}],"collection":[{"href":"http:\/\/portalcatolico.net\/portal\/wp-json\/wp\/v2\/posts"}],"about":[{"href":"http:\/\/portalcatolico.net\/portal\/wp-json\/wp\/v2\/types\/post"}],"author":[{"embeddable":true,"href":"http:\/\/portalcatolico.net\/portal\/wp-json\/wp\/v2\/users\/2"}],"replies":[{"embeddable":true,"href":"http:\/\/portalcatolico.net\/portal\/wp-json\/wp\/v2\/comments?post=56073"}],"version-history":[{"count":3,"href":"http:\/\/portalcatolico.net\/portal\/wp-json\/wp\/v2\/posts\/56073\/revisions"}],"predecessor-version":[{"id":56078,"href":"http:\/\/portalcatolico.net\/portal\/wp-json\/wp\/v2\/posts\/56073\/revisions\/56078"}],"wp:featuredmedia":[{"embeddable":true,"href":"http:\/\/portalcatolico.net\/portal\/wp-json\/wp\/v2\/media\/56074"}],"wp:attachment":[{"href":"http:\/\/portalcatolico.net\/portal\/wp-json\/wp\/v2\/media?parent=56073"}],"wp:term":[{"taxonomy":"category","embeddable":true,"href":"http:\/\/portalcatolico.net\/portal\/wp-json\/wp\/v2\/categories?post=56073"},{"taxonomy":"post_tag","embeddable":true,"href":"http:\/\/portalcatolico.net\/portal\/wp-json\/wp\/v2\/tags?post=56073"}],"curies":[{"name":"wp","href":"https:\/\/api.w.org\/{rel}","templated":true}]}}