{"id":56070,"date":"2018-06-03T20:59:41","date_gmt":"2018-06-03T23:59:41","guid":{"rendered":"http:\/\/portalcatolico.net\/portal\/?p=56070"},"modified":"2018-06-03T20:59:41","modified_gmt":"2018-06-03T23:59:41","slug":"fieis-de-itororo-celebram-santo-antonio","status":"publish","type":"post","link":"http:\/\/portalcatolico.net\/portal\/fieis-de-itororo-celebram-santo-antonio\/","title":{"rendered":"Fieis de Itoror\u00f3 celebram Santo Ant\u00f4nio"},"content":{"rendered":"<p class=\"m_6211404874538329418xmsonormal\"><em>O Trezen\u00e1rio e Festa de Santo Ant\u00f4nio, padroeiro da cidade de Itoror\u00f3 (BA), come\u00e7ou &nbsp;no dia 1\u00ba de junho, com a participa\u00e7\u00e3o dos paroquianos e a popula\u00e7\u00e3o da cidade.<u><\/u><u><\/u><\/em><\/p>\n<p class=\"m_6211404874538329418xmsonormal\"><em>A programa\u00e7\u00e3o segue at\u00e9 o dia 12, com os preparativos para festejar o dia de Santo Ant\u00f4nio, que ser\u00e1 dia 13 e ter\u00e1 uma imensa e especial programa\u00e7\u00e3o do dia festivo.<u><\/u><u><\/u><\/em><\/p>\n<p class=\"m_6211404874538329418xmsonormal\"><em>O Padre Euvaldo Santana da Silva (p\u00e1roco da Igreja matriz), juntamente&nbsp;&nbsp;com o conselho paroquial ,faz um convite especial para todos os Itororoenses, para participaram todos os dias da Festa do padroeiro.<u><\/u><u><\/u><\/em><\/p>\n<p class=\"m_6211404874538329418xmsonormal\"><em>O Trezen\u00e1rio acontece todas as noites sempre, \u00e0s 19h, com reflex\u00f5es de v\u00e1rios subtemas da festa, sendo que o tema central \u00e9: \u201cCom Santo Ant\u00f4nio aprendemos a superar a viol\u00eancia\u201d<\/em><u><\/u><u><\/u><\/p>\n<p class=\"m_6211404874538329418xmsonormal\"><em>No dia 13, a programa\u00e7\u00e3o come\u00e7a \u00e0s 6h com a Alvorada. \u00c0s 17h, tem missa<\/em><em>&nbsp;<\/em><em>seguida de prociss\u00e3o com a imagem do santo pelas ruas da cidade.<\/em><\/p>\n<p>Foto:Divulga\u00e7\u00e3o<\/p>\n<p>Texto:Reda\u00e7\u00e3o\/Portal Cat\u00f3lico.Net<\/p>\n","protected":false},"excerpt":{"rendered":"<p>O Trezen\u00e1rio e Festa de Santo Ant\u00f4nio, padroeiro da cidade de Itoror\u00f3 (BA), come\u00e7ou &nbsp;no dia 1\u00ba de junho, com a participa\u00e7\u00e3o dos paroquianos e a popula\u00e7\u00e3o da cidade. A programa\u00e7\u00e3o segue at\u00e9 o dia 12, com os preparativos para festejar o dia de Santo Ant\u00f4nio, que ser\u00e1 dia 13 e ter\u00e1 uma imensa e&nbsp;<\/p>\n<p><a class=\"btn btn-style\" href=\"http:\/\/portalcatolico.net\/portal\/fieis-de-itororo-celebram-santo-antonio\/\">Continue Reading<\/a><\/p>\n","protected":false},"author":2,"featured_media":56071,"comment_status":"open","ping_status":"open","sticky":false,"template":"","format":"standard","meta":{"footnotes":""},"categories":[1],"tags":[],"class_list":["post-56070","post","type-post","status-publish","format-standard","has-post-thumbnail","hentry","category-agenda"],"_links":{"self":[{"href":"http:\/\/portalcatolico.net\/portal\/wp-json\/wp\/v2\/posts\/56070","targetHints":{"allow":["GET"]}}],"collection":[{"href":"http:\/\/portalcatolico.net\/portal\/wp-json\/wp\/v2\/posts"}],"about":[{"href":"http:\/\/portalcatolico.net\/portal\/wp-json\/wp\/v2\/types\/post"}],"author":[{"embeddable":true,"href":"http:\/\/portalcatolico.net\/portal\/wp-json\/wp\/v2\/users\/2"}],"replies":[{"embeddable":true,"href":"http:\/\/portalcatolico.net\/portal\/wp-json\/wp\/v2\/comments?post=56070"}],"version-history":[{"count":1,"href":"http:\/\/portalcatolico.net\/portal\/wp-json\/wp\/v2\/posts\/56070\/revisions"}],"predecessor-version":[{"id":56072,"href":"http:\/\/portalcatolico.net\/portal\/wp-json\/wp\/v2\/posts\/56070\/revisions\/56072"}],"wp:featuredmedia":[{"embeddable":true,"href":"http:\/\/portalcatolico.net\/portal\/wp-json\/wp\/v2\/media\/56071"}],"wp:attachment":[{"href":"http:\/\/portalcatolico.net\/portal\/wp-json\/wp\/v2\/media?parent=56070"}],"wp:term":[{"taxonomy":"category","embeddable":true,"href":"http:\/\/portalcatolico.net\/portal\/wp-json\/wp\/v2\/categories?post=56070"},{"taxonomy":"post_tag","embeddable":true,"href":"http:\/\/portalcatolico.net\/portal\/wp-json\/wp\/v2\/tags?post=56070"}],"curies":[{"name":"wp","href":"https:\/\/api.w.org\/{rel}","templated":true}]}}