{"id":56067,"date":"2018-06-03T18:45:20","date_gmt":"2018-06-03T21:45:20","guid":{"rendered":"http:\/\/portalcatolico.net\/portal\/?p=56067"},"modified":"2018-06-03T18:45:20","modified_gmt":"2018-06-03T21:45:20","slug":"a-devocao-dos-5-sabados-um-pedido-da-virgem-de-fatima-e-do-proprio-jesus","status":"publish","type":"post","link":"http:\/\/portalcatolico.net\/portal\/a-devocao-dos-5-sabados-um-pedido-da-virgem-de-fatima-e-do-proprio-jesus\/","title":{"rendered":"A devo\u00e7\u00e3o dos 5 s\u00e1bados: Um pedido da Virgem de F\u00e1tima e do pr\u00f3prio Jesus"},"content":{"rendered":"<p>Embora possa ser considerada uma devo\u00e7\u00e3o pouco conhecida, Nossa Senhora de F\u00e1tima e depois tamb\u00e9m Jesus pediram \u00e0 Irm\u00e3 L\u00facia para realizar e estender a devo\u00e7\u00e3o dos cinco primeiros s\u00e1bados do m\u00eas em honra ao Imaculado Cora\u00e7\u00e3o de Maria.<\/p>\n<p>O Sistema de Informa\u00e7\u00e3o da Arquidiocese do M\u00e9xico (SIAME) explicou que esta devo\u00e7\u00e3o pede que, no primeiro s\u00e1bado de cada m\u00eas, durante cinco meses, sejam realizados v\u00e1rios atos de piedade com a inten\u00e7\u00e3o de reparar os pecados contra o Imaculado Cora\u00e7\u00e3o de Maria.<\/p>\n<p>A seguir, tudo o que voc\u00ea precisa saber sobre esta tradi\u00e7\u00e3o:<\/p>\n<p><strong>Como praticar a devo\u00e7\u00e3o?<\/strong><\/p>\n<p>Os atos de piedade de cada primeiro s\u00e1bado do m\u00eas s\u00e3o: confessar-se (de prefer\u00eancia no mesmo dia ou alguns dias antes), comungar, rezar o Ros\u00e1rio e fazer companhia a Maria pelo menos quinze minutos meditando os mist\u00e9rios do Ros\u00e1rio.<\/p>\n<p><strong>O que ganha a pessoa que pratica esta devo\u00e7\u00e3o?<\/strong><\/p>\n<p>A&nbsp;Virgem Maria&nbsp;promete ao seu filho \u201cassisti-lo na hora da sua morte, com todas as gra\u00e7as necess\u00e1rias para salvar a sua alma\u201d, ou seja, ter\u00e1 a possibilidade de n\u00e3o morrer em pecado mortal. Esta devo\u00e7\u00e3o n\u00e3o \u00e9 um \u201cpasse livre\u201d para livrar do inferno aqueles que morrem sem se arrepender.<\/p>\n<p><strong>Por que no s\u00e1bado?<\/strong><\/p>\n<p>Santo Tom\u00e1s de Aquino dizia que no s\u00e1bado depois da Sexta-feira Santa, a \u00fanica que permaneceu firme em sua f\u00e9 foi Maria e, por isso, a&nbsp;Igreja, para honr\u00e1-la, dedica-lhe esse dia.<\/p>\n<p><strong>Por que s\u00e3o cinco s\u00e1bados?<\/strong><\/p>\n<p>Jesus apareceu \u00e0 Irm\u00e3 L\u00facia na noite de 29 para 30 de maio de 1930 e explicou que \u201cexistem cinco tipos de ofensas e blasf\u00eamias contra o Imaculado Cora\u00e7\u00e3o de Maria\u201d.<\/p>\n<p>A primeira \u00e9 contra a sua Imaculada Concei\u00e7\u00e3o; a segunda \u00e9 contra a sua Virgindade Perp\u00e9tua; a terceira \u00e9 contra a sua&nbsp;Maternidade Divina, recusando reconhec\u00ea-la como M\u00e3e de todos os homens; em quarto lugar, as ofensas de quem ensina crian\u00e7as a desprezarem e terem \u00f3dio da Virgem; e, finalmente em quinto lugar, aos que a insultam diretamente em suas sagradas&nbsp;imagens.(ACI Digital)<\/p>\n<p>Imagem de Nossa Senhora de F\u00e1tima \/ Cr\u00e9dito: Daniel Iba\u00f1ez (ACI Prensa)<\/p>\n","protected":false},"excerpt":{"rendered":"<p>Embora possa ser considerada uma devo\u00e7\u00e3o pouco conhecida, Nossa Senhora de F\u00e1tima e depois tamb\u00e9m Jesus pediram \u00e0 Irm\u00e3 L\u00facia para realizar e estender a devo\u00e7\u00e3o dos cinco primeiros s\u00e1bados do m\u00eas em honra ao Imaculado Cora\u00e7\u00e3o de Maria. O Sistema de Informa\u00e7\u00e3o da Arquidiocese do M\u00e9xico (SIAME) explicou que esta devo\u00e7\u00e3o pede que, no&nbsp;<\/p>\n<p><a class=\"btn btn-style\" href=\"http:\/\/portalcatolico.net\/portal\/a-devocao-dos-5-sabados-um-pedido-da-virgem-de-fatima-e-do-proprio-jesus\/\">Continue Reading<\/a><\/p>\n","protected":false},"author":2,"featured_media":56068,"comment_status":"open","ping_status":"open","sticky":false,"template":"","format":"standard","meta":{"footnotes":""},"categories":[5],"tags":[],"class_list":["post-56067","post","type-post","status-publish","format-standard","has-post-thumbnail","hentry","category-igreja_no_mundo"],"_links":{"self":[{"href":"http:\/\/portalcatolico.net\/portal\/wp-json\/wp\/v2\/posts\/56067","targetHints":{"allow":["GET"]}}],"collection":[{"href":"http:\/\/portalcatolico.net\/portal\/wp-json\/wp\/v2\/posts"}],"about":[{"href":"http:\/\/portalcatolico.net\/portal\/wp-json\/wp\/v2\/types\/post"}],"author":[{"embeddable":true,"href":"http:\/\/portalcatolico.net\/portal\/wp-json\/wp\/v2\/users\/2"}],"replies":[{"embeddable":true,"href":"http:\/\/portalcatolico.net\/portal\/wp-json\/wp\/v2\/comments?post=56067"}],"version-history":[{"count":1,"href":"http:\/\/portalcatolico.net\/portal\/wp-json\/wp\/v2\/posts\/56067\/revisions"}],"predecessor-version":[{"id":56069,"href":"http:\/\/portalcatolico.net\/portal\/wp-json\/wp\/v2\/posts\/56067\/revisions\/56069"}],"wp:featuredmedia":[{"embeddable":true,"href":"http:\/\/portalcatolico.net\/portal\/wp-json\/wp\/v2\/media\/56068"}],"wp:attachment":[{"href":"http:\/\/portalcatolico.net\/portal\/wp-json\/wp\/v2\/media?parent=56067"}],"wp:term":[{"taxonomy":"category","embeddable":true,"href":"http:\/\/portalcatolico.net\/portal\/wp-json\/wp\/v2\/categories?post=56067"},{"taxonomy":"post_tag","embeddable":true,"href":"http:\/\/portalcatolico.net\/portal\/wp-json\/wp\/v2\/tags?post=56067"}],"curies":[{"name":"wp","href":"https:\/\/api.w.org\/{rel}","templated":true}]}}