{"id":56062,"date":"2018-06-02T19:38:45","date_gmt":"2018-06-02T22:38:45","guid":{"rendered":"http:\/\/portalcatolico.net\/portal\/?p=56062"},"modified":"2018-06-02T19:42:06","modified_gmt":"2018-06-02T22:42:06","slug":"a-apaixonante-historia-do-sacerdote-que-esperou-46-anos-para-sua-ordenacao","status":"publish","type":"post","link":"http:\/\/portalcatolico.net\/portal\/a-apaixonante-historia-do-sacerdote-que-esperou-46-anos-para-sua-ordenacao\/","title":{"rendered":"A apaixonante hist\u00f3ria do sacerdote que esperou 46 anos para sua ordena\u00e7\u00e3o"},"content":{"rendered":"<p>Quy K. Pham \u00e9 um sacerdote de origem vietnamita que acaba de ser ordenado depois de esperar 46 anos para realizar seu sonho de viver a servi\u00e7o de Deus.<\/p>\n<p>Ele sobreviveu \u00e0 guerra do Vietn\u00e3, foi preso pelos comunistas em 1979; mas, conseguiu deixar o pa\u00eds em 1984 e partiu para os Estados Unidos.<\/p>\n<p><img loading=\"lazy\" decoding=\"async\" class=\"\" src=\"https:\/\/www.aciprensa.com\/images\/refugee-camp-Philippines-1984.png\" alt=\"\" width=\"668\" height=\"455\"><\/p>\n<p><em>Quando era seminarista. Foto: Pe. Quy K. Pham<\/em><\/p>\n<p>Depois de v\u00e1rias tentativas de seguir a sua voca\u00e7\u00e3o \u2013 logo se casaria por pensar que Deus j\u00e1 n\u00e3o o chamava \u2013, no s\u00e1bado, 19 de maio, Quy K. Pham foi ordenado sacerdote na Catedral da Filad\u00e9lfia (Estados Unidos) pelo Arcebispo local, Dom Charles Chaput.<\/p>\n<p>Em entrevista concedida ao Grupo&nbsp;<a href=\"https:\/\/www.acidigital.com\/\">ACI<\/a>, o sacerdote disse que est\u00e1 \u201cmuito emocionado por isso, porque foi um longo caminho e demorei 46 anos para complet\u00e1-lo. Acho que a maneira como Deus trabalha \u00e9 misteriosa e como seres humanos, \u00e0s vezes, n\u00e3o entendemos, mas Deus tem um plano para cada um e trabalha assim com a sua provid\u00eancia, para chegar ao destino que planejou para n\u00f3s\u201d.<\/p>\n<p>O Pe. Pham ingressou no semin\u00e1rio no Vietn\u00e3 aos 13 anos. A sua m\u00e3e o levou e estudou entre 1971 e 1975.<\/p>\n<p><img loading=\"lazy\" decoding=\"async\" class=\"\" src=\"https:\/\/www.aciprensa.com\/images\/Mom-Dad-1985.png\" alt=\"\" width=\"668\" height=\"594\"><\/p>\n<p><em>Os pais de Quy K. Pham. Foto: P. Quy K. Pham<\/em><\/p>\n<p>As dificuldades pr\u00f3prias da guerra fizeram com que duvidasse da sua voca\u00e7\u00e3o e inclusive chegou a pensar que \u201cDeus j\u00e1 n\u00e3o me amava e de repente tinha que esquecer isso; mas eu mantive a f\u00e9 esperando que um dia Deus se lembrasse de mim\u201d.<\/p>\n<p>Em 1975, os comunistas, contou o sacerdote, \u201ctomaram o sul do Vietn\u00e3 e fecharam todos os semin\u00e1rios\u201d. Mais tarde ele voltou a estudar, mas clandestinamente, at\u00e9 que um dia as autoridades tamb\u00e9m fecharam essa op\u00e7\u00e3o.<\/p>\n<p>Quy K. Pham se sentiu obrigado a voltar para a casa dos seus pais. A fim de evitar os perigos, tentou fugir do pa\u00eds. \u201cTentei fugir do Vietn\u00e3 em dezembro de 1979, mas os comunistas me prenderam. Eles me mandaram \u00e0 pris\u00e3o durante 10 meses. Em 1984, tentei sair novamente e finalmente consegui\u201d, contou.<\/p>\n<p>Nos Estados Unidos, Quy K. Pham tentou entrar em uma ordem religiosa, mas n\u00e3o foi aceito. \u201cFoi muito dif\u00edcil naquela \u00e9poca. Tive que trabalhar durante o dia e estudar \u00e0 noite e, assim, tentar sobreviver na nova&nbsp;vida&nbsp;nos Estados Unidos\u201d.<\/p>\n<p>\u201cTamb\u00e9m tentei inhressar na Arquidiocese de Boston, mas me disseram que eu n\u00e3o podia e fiquei muito chateado. Eu pensava \u2018vim aqui para seguir minha voca\u00e7\u00e3o e \u00e9 assim que a&nbsp;Igreja&nbsp;me trata\u2019. Chorei muito neste momento e pensei que talvez Deus n\u00e3o me amasse mais\u201d.<\/p>\n<p>Em 1990, entrou na Universidade da Filad\u00e9lfia, onde estudou inform\u00e1tica. Ao concluir o curso, come\u00e7ou a trabalhar no Pennsylvania Hospital e chegou a ser chefe de servi\u00e7os inform\u00e1ticos.<\/p>\n<p><img loading=\"lazy\" decoding=\"async\" class=\"\" src=\"https:\/\/www.aciprensa.com\/images\/College-graduation-with-2-brothers-1990.png\" alt=\"\" width=\"673\" height=\"439\"><\/p>\n<p><em>Quy K. Pham em sua formatura com seus dois irm\u00e3os. Foto: Pe. Quy K. Pham<\/em><\/p>\n<p><strong>O matrim\u00f4nio<\/strong><\/p>\n<p>\u201cDepois eu decidi me casar com uma mulher \u00edtalo-americana (Donna Marie Lodise) que era uma amiga querida e que me ajudou nos momentos mais dif\u00edceis. Ent\u00e3o, a vida parecia estar muito bem e voltei aos estudos para me formar na universidade e consegui mais dois mestrados: um em tecnologia e outro em finan\u00e7as. Eu me tornei um homem com uma carreira muito bem sucedida. Tinha dinheiro e tive uma vida boa\u201d, recordou.<\/p>\n<p><img loading=\"lazy\" decoding=\"async\" class=\"\" src=\"https:\/\/www.aciprensa.com\/images\/Wedding-Reception.jpg\" alt=\"\" width=\"659\" height=\"666\"><\/p>\n<p><em>Quy K. Pham no dia do seu casamento com Donna Marie. Foto: Pe. Quy K. Pham<\/em><\/p>\n<p>Na entrevista ao Grupo ACI, Pe. Quy K. Pham explicou que o seu casamento foi \u201cmaravilhoso. N\u00f3s dois \u00e9ramos cat\u00f3licos devotos e encontramos a felicidade em Deus. Fomos muito felizes porque viv\u00edamos a nossa f\u00e9. Quando colocamos Deus em primeiro lugar, alcan\u00e7amos a felicidade. Eu quis me casar porque a minha esposa acreditava no mesmo que eu, na Igreja e em Deus\u201d.<\/p>\n<p>Entretanto, tudo mudou quando, em 2014, Donna Marie foi diagnosticada com c\u00e2ncer. \u201cEssa foi uma not\u00edcia devastadora. Realmente, foi muito dif\u00edcil para n\u00f3s entender por que isso estava acontecendo\u201d, indicou.<\/p>\n<p><img loading=\"lazy\" decoding=\"async\" class=\"\" src=\"https:\/\/www.aciprensa.com\/images\/Working-IT-Director.jpg\" alt=\"\" width=\"604\" height=\"453\"><\/p>\n<p><em>No trabalho de diretor de servi\u00e7os inform\u00e1ticos. Foto: Pe. Quy K. Pham<\/em><\/p>\n<p>Antes de tudo isso acontecer, \u201cem 2011 havia decidido voltar aos estudos, \u00e0 noite, no Semin\u00e1rio S\u00e3o Carlos Borromeu para terminar de estudar Teologia. Fiz isso porque queria, por meu amor a Deus\u201d.<\/p>\n<p>\u201cQuando a minha esposa morreu, percebi que Deus j\u00e1 tinha algo para mim, ent\u00e3o rezei dias e noites; e vi como Deus me guiava na vida. Ent\u00e3o, decidi tentar entrar em uma ordem religiosa\u201d, disse ao Grupo ACI.<\/p>\n<p><strong>O caminho para o sacerd\u00f3cio<\/strong><\/p>\n<p>Pe. Pham tentou entrar em alguma ordem religiosa ou em algum semin\u00e1rio diocesano para seguir o seu chamado, mas novamente teve alguns problemas.<\/p>\n<p>Eles n\u00e3o o aceitaram em Wisconsin, mas o diretor de voca\u00e7\u00f5es sugeriu que ele tentasse na Filad\u00e9lfia, onde o limite de idade para entrar no semin\u00e1rio era de 40 anos.<\/p>\n<p>Na Filad\u00e9lfia, disseram que, como a sua esposa havia falecido apenas h\u00e1 alguns meses, era melhor esperar mais um ano e ele esperou pacientemente.<\/p>\n<p>Quy K. Pham s\u00f3 precisava estudar dois cursos para terminar o Mestrado em Teologia que havia come\u00e7ado h\u00e1 alguns anos. Na Filad\u00e9lfia, \u201cpassei pela forma\u00e7\u00e3o que necessitava, no ano passado fui ordenado di\u00e1cono e no s\u00e1bado fui ordenado sacerdote. Essa \u00e9 a hist\u00f3ria da minha vida\u201d.<\/p>\n<p><img loading=\"lazy\" decoding=\"async\" class=\"\" src=\"https:\/\/www.aciprensa.com\/images\/OrdenacionCuyPham-SarahWebb-CatholicPhilly.com2.JPG\" alt=\"\" width=\"612\" height=\"408\"><\/p>\n<p><em>Pe, Quy K. Pham com o Arcebispo da Filad\u00e9lfia, sua fam\u00edlia e a fam\u00edlia da sua falecida esposa em sua ordena\u00e7\u00e3o. Foto: Sarah Webb \/ CatholicPhilly.com<\/em><\/p>\n<p><strong>Sua miss\u00e3o<\/strong><\/p>\n<p>Depois de tudo o que aconteceu, Pe. Pham comentou que se sente capaz de realizar a sua miss\u00e3o de sacerdote em qualquer lugar. \u201cToda a minha experi\u00eancia de vida, toda a forma\u00e7\u00e3o, os estudos, as experi\u00eancias, quero coloc\u00e1-las a servi\u00e7o do povo de Deus, a fim de que possam viver a sua f\u00e9 e para que saibam que Deus os ama. Isso \u00e9 o que eu quero fazer todos os dias da minha vida\u201d.<\/p>\n<p>\u201cCom tudo o que ei vivi, terei mais material e mais experi\u00eancia para a minha prega\u00e7\u00e3o. Eu sei que as pessoas v\u00e3o gostar disso\u201d, compartilhou.<\/p>\n<p><img loading=\"lazy\" decoding=\"async\" class=\"\" src=\"https:\/\/www.aciprensa.com\/images\/OrdenacionCuyPham-SarahWebb-CatholicPhilly.com4.JPG\" alt=\"\" width=\"628\" height=\"419\"><\/p>\n<p><em>Pe. Quy K. Pham distribuindo a comunh\u00e3o na&nbsp;Missa&nbsp;de ordena\u00e7\u00e3o. Foto: Sarah Webb \/ Cat\u00f3lica Philly.com<\/em><\/p>\n<p>Quando perguntado sobre o que diria \u00e0s pessoas que est\u00e3o pensando ou j\u00e1 pensam na vida religiosa ou sacerdotal, Pe. Pham afirmou: \u201cGostaria de dizer-lhes que devem viver a f\u00e9, confiar na provid\u00eancia de Deus, buscar fazer a sua vontade e sempre ser consciente de que Deus os ama e que ser sacerdote para servir a Deus e ao seu povo \u00e9 uma maneira nobre de mostrar o seu amor pelo Senhor\u201d.<\/p>\n<p>\u201cA raz\u00e3o pela qual eu compartilho a minha vida \u00e9 porque espero que as pessoas se aproximem de Deus, da Igreja, mesmo que seja apenas por uma pessoa. Eu n\u00e3o busco nada para mim, eu vivo uma vida simples\u201d, concluiu.<\/p>\n<p><strong>A homilia do Arcebispo na sua ordena\u00e7\u00e3o<\/strong><\/p>\n<p>Durante a Missa de ordena\u00e7\u00e3o, na qual cinco di\u00e1conos tamb\u00e9m foram ordenados, Dom Charles Chaput disse: \u201cAo ingressar no sacerd\u00f3cio de Jesus, recordo-lhes uma virtude ao assumir esta dignidade e voca\u00e7\u00e3o como sacerdote, e pe\u00e7o-lhes que a considerem, porque ser\u00e3o verdadeiros \u00edcones do bom pastor: a virtude da docilidade. O que significa ser d\u00f3cil? A docilidade \u00e9 uma forma especial de humildade de um cora\u00e7\u00e3o generoso pronto e ansioso por aprender de Deus\u201d.<\/p>\n<p><img loading=\"lazy\" decoding=\"async\" class=\"\" src=\"https:\/\/www.aciprensa.com\/images\/OrdenacionCuyPham-SarahWebb-CatholicPhilly.com1.jpg\" alt=\"\" width=\"684\" height=\"456\"><\/p>\n<p><em>Dom Chaput e os novos sacerdotes da Arquidiocese da Filad\u00e9lfia. Foto: Sarah Webb \/ CatholicPhilly.com<\/em><\/p>\n<p>Na&nbsp;Eucaristia, na qual estiveram presentes todos os membros da fam\u00edlia do Pe. Pham que est\u00e3o nos Estados Unidos e da fam\u00edlia da sua falecida esposa, Dom Chaput destacou que \u201cos sacerdotes devem ser como uma luva de cirurgi\u00e3o. A luva \u00e9 t\u00e3o transparente e male\u00e1vel que n\u00e3o aparece. Podem tomar forma, dobrar-se\u201d.<\/p>\n<p>\u201cN\u00f3s, nossa humanidade, ao nos entregarmos ao sacerd\u00f3cio, somos chamados a ser d\u00f3ceis desta maneira. Jesus \u00e9 o \u00fanico mediador. A nossa uni\u00e3o com Ele \u00e9 a nossa voca\u00e7\u00e3o\u201d, destacou.<\/p>\n<p>Pe. Quy K. Pham em sua ordena\u00e7\u00e3o sacerdotal. Fotos: Sarah Webb \/ CatholicPhilly.com<\/p>\n<p>Por Walter S\u00e1nchez Silva<\/p>\n<p>As informa\u00e7\u00f5es e fotos \u00e9 do site:ACI Digital<\/p>\n","protected":false},"excerpt":{"rendered":"<p>Quy K. Pham \u00e9 um sacerdote de origem vietnamita que acaba de ser ordenado depois de esperar 46 anos para realizar seu sonho de viver a servi\u00e7o de Deus. Ele sobreviveu \u00e0 guerra do Vietn\u00e3, foi preso pelos comunistas em 1979; mas, conseguiu deixar o pa\u00eds em 1984 e partiu para os Estados Unidos. Quando&nbsp;<\/p>\n<p><a class=\"btn btn-style\" href=\"http:\/\/portalcatolico.net\/portal\/a-apaixonante-historia-do-sacerdote-que-esperou-46-anos-para-sua-ordenacao\/\">Continue Reading<\/a><\/p>\n","protected":false},"author":2,"featured_media":56063,"comment_status":"open","ping_status":"open","sticky":false,"template":"","format":"standard","meta":{"footnotes":""},"categories":[5],"tags":[],"class_list":["post-56062","post","type-post","status-publish","format-standard","has-post-thumbnail","hentry","category-igreja_no_mundo"],"_links":{"self":[{"href":"http:\/\/portalcatolico.net\/portal\/wp-json\/wp\/v2\/posts\/56062","targetHints":{"allow":["GET"]}}],"collection":[{"href":"http:\/\/portalcatolico.net\/portal\/wp-json\/wp\/v2\/posts"}],"about":[{"href":"http:\/\/portalcatolico.net\/portal\/wp-json\/wp\/v2\/types\/post"}],"author":[{"embeddable":true,"href":"http:\/\/portalcatolico.net\/portal\/wp-json\/wp\/v2\/users\/2"}],"replies":[{"embeddable":true,"href":"http:\/\/portalcatolico.net\/portal\/wp-json\/wp\/v2\/comments?post=56062"}],"version-history":[{"count":3,"href":"http:\/\/portalcatolico.net\/portal\/wp-json\/wp\/v2\/posts\/56062\/revisions"}],"predecessor-version":[{"id":56066,"href":"http:\/\/portalcatolico.net\/portal\/wp-json\/wp\/v2\/posts\/56062\/revisions\/56066"}],"wp:featuredmedia":[{"embeddable":true,"href":"http:\/\/portalcatolico.net\/portal\/wp-json\/wp\/v2\/media\/56063"}],"wp:attachment":[{"href":"http:\/\/portalcatolico.net\/portal\/wp-json\/wp\/v2\/media?parent=56062"}],"wp:term":[{"taxonomy":"category","embeddable":true,"href":"http:\/\/portalcatolico.net\/portal\/wp-json\/wp\/v2\/categories?post=56062"},{"taxonomy":"post_tag","embeddable":true,"href":"http:\/\/portalcatolico.net\/portal\/wp-json\/wp\/v2\/tags?post=56062"}],"curies":[{"name":"wp","href":"https:\/\/api.w.org\/{rel}","templated":true}]}}