{"id":56058,"date":"2018-06-14T01:58:44","date_gmt":"2018-06-14T04:58:44","guid":{"rendered":"http:\/\/portalcatolico.net\/portal\/?p=56058"},"modified":"2018-06-13T22:57:25","modified_gmt":"2018-06-14T01:57:25","slug":"catolicos-de-coaraci-se-preparam-para-receber-a-imagem-peregrina-do-senhor-bom-jesus-da-lapa","status":"publish","type":"post","link":"http:\/\/portalcatolico.net\/portal\/catolicos-de-coaraci-se-preparam-para-receber-a-imagem-peregrina-do-senhor-bom-jesus-da-lapa\/","title":{"rendered":"Cat\u00f3licos de Coaraci se preparam  para receber a imagem peregrina do Senhor Bom Jesus da Lapa"},"content":{"rendered":"<p class=\"m_-979097612014004961xgmail-msonospacing\"><em>A Par\u00f3quia Nossa Senhora de Lourdes em Coaraci (BA), pertencente \u00e0&nbsp;&nbsp;Diocese de Ilh\u00e9us continua realizando eventos que simbolizam os preparativos para celebrar o t\u00e3o esperado e especial Jubileu de Ouro. Desde o dia 22 de outubro de 2017, com abertura do Ano Jubilar, que toda a Par\u00f3quia prepara acontecimentos em prol dessa data, como por exemplo: Abertura do Ano jubilar com missa presidida por Dom Mauro Mongtonoli; Noven\u00e1rio da padroeira da cidade de Coaraci, Nossa Senhora de Lourdes, show espetacular com&nbsp;a Irm\u00e3 Ana Paula, um dos maiores nomes da atualidade da m\u00fasica cat\u00f3lica;<\/em>&nbsp;<em>14\u00aa Romaria diocesana da Terra e das \u00c1guas&nbsp;(<\/em><em>participaram&nbsp;<\/em><em>mais de&nbsp; 1000 mil cat\u00f3licos de &nbsp;v\u00e1rias cidades que comp\u00f5em as mais de 40 par\u00f3quias da Diocese de Ilh\u00e9us).&nbsp;<\/em><u><\/u><u><\/u><\/p>\n<p class=\"m_-979097612014004961xgmail-msonospacing\"><em>No m\u00eas de outubro deste ano, a Par\u00f3quia Nossa Senhora de Lourdes completar\u00e1 50 anos de funda\u00e7\u00e3o e evangeliza\u00e7\u00e3o.<u><\/u><u><\/u><\/em><\/p>\n<p class=\"m_-979097612014004961xgmail-msonospacing\"><em>Nesse m\u00eas de junho, n\u00e3o poderia ser diferente! Acontecer\u00e1 a visita da imagem peregrina do Senhor Bom Jesus da Lapa. E a par\u00f3quia conta com a sua presen\u00e7a especial.<u><\/u><u><\/u><\/em><\/p>\n<p class=\"m_-979097612014004961xgmail-msonospacing\"><em>Vale ressaltar que a grande comemora\u00e7\u00e3o festiva dos 50 anos de funda\u00e7\u00e3o e evangeliza\u00e7\u00e3o acontecer\u00e1 em outubro deste ano. A par\u00f3quia aniversariante tem como&nbsp;&nbsp;p\u00e1roco, o Padre Edinilson Vivas Batista.<u><\/u><u><\/u><\/em><\/p>\n<p class=\"m_-979097612014004961xgmail-msonospacing\"><em>A equipe do Portal Cat\u00f3lico parabeniza o padre e todos os coaracienses por estarem colaborando com a evangeliza\u00e7\u00e3o desta par\u00f3quia.<\/em><\/p>\n<p>Texto:Reda\u00e7\u00e3o\/Portal Cat\u00f3lico.Net<\/p>\n<p>&nbsp;<\/p>\n","protected":false},"excerpt":{"rendered":"<p>A Par\u00f3quia Nossa Senhora de Lourdes em Coaraci (BA), pertencente \u00e0&nbsp;&nbsp;Diocese de Ilh\u00e9us continua realizando eventos que simbolizam os preparativos para celebrar o t\u00e3o esperado e especial Jubileu de Ouro. Desde o dia 22 de outubro de 2017, com abertura do Ano Jubilar, que toda a Par\u00f3quia prepara acontecimentos em prol dessa data, como por&nbsp;<\/p>\n<p><a class=\"btn btn-style\" href=\"http:\/\/portalcatolico.net\/portal\/catolicos-de-coaraci-se-preparam-para-receber-a-imagem-peregrina-do-senhor-bom-jesus-da-lapa\/\">Continue Reading<\/a><\/p>\n","protected":false},"author":2,"featured_media":56059,"comment_status":"open","ping_status":"open","sticky":false,"template":"","format":"standard","meta":{"footnotes":""},"categories":[1],"tags":[],"class_list":["post-56058","post","type-post","status-publish","format-standard","has-post-thumbnail","hentry","category-agenda"],"_links":{"self":[{"href":"http:\/\/portalcatolico.net\/portal\/wp-json\/wp\/v2\/posts\/56058","targetHints":{"allow":["GET"]}}],"collection":[{"href":"http:\/\/portalcatolico.net\/portal\/wp-json\/wp\/v2\/posts"}],"about":[{"href":"http:\/\/portalcatolico.net\/portal\/wp-json\/wp\/v2\/types\/post"}],"author":[{"embeddable":true,"href":"http:\/\/portalcatolico.net\/portal\/wp-json\/wp\/v2\/users\/2"}],"replies":[{"embeddable":true,"href":"http:\/\/portalcatolico.net\/portal\/wp-json\/wp\/v2\/comments?post=56058"}],"version-history":[{"count":3,"href":"http:\/\/portalcatolico.net\/portal\/wp-json\/wp\/v2\/posts\/56058\/revisions"}],"predecessor-version":[{"id":56668,"href":"http:\/\/portalcatolico.net\/portal\/wp-json\/wp\/v2\/posts\/56058\/revisions\/56668"}],"wp:featuredmedia":[{"embeddable":true,"href":"http:\/\/portalcatolico.net\/portal\/wp-json\/wp\/v2\/media\/56059"}],"wp:attachment":[{"href":"http:\/\/portalcatolico.net\/portal\/wp-json\/wp\/v2\/media?parent=56058"}],"wp:term":[{"taxonomy":"category","embeddable":true,"href":"http:\/\/portalcatolico.net\/portal\/wp-json\/wp\/v2\/categories?post=56058"},{"taxonomy":"post_tag","embeddable":true,"href":"http:\/\/portalcatolico.net\/portal\/wp-json\/wp\/v2\/tags?post=56058"}],"curies":[{"name":"wp","href":"https:\/\/api.w.org\/{rel}","templated":true}]}}