{"id":56049,"date":"2018-06-01T20:07:34","date_gmt":"2018-06-01T23:07:34","guid":{"rendered":"http:\/\/portalcatolico.net\/portal\/?p=56049"},"modified":"2018-06-01T20:12:08","modified_gmt":"2018-06-01T23:12:08","slug":"papa-o-demonio-destroi-a-dignidade-e-provoca-escravidao","status":"publish","type":"post","link":"http:\/\/portalcatolico.net\/portal\/papa-o-demonio-destroi-a-dignidade-e-provoca-escravidao\/","title":{"rendered":"Papa: o dem\u00f4nio destr\u00f3i a dignidade e provoca escravid\u00e3o"},"content":{"rendered":"<h2 class=\"subtitle\">&#8220;Por tr\u00e1s de cada persegui\u00e7\u00e3o, seja aos crist\u00e3os, seja aos humanos, est\u00e1 o diabo, est\u00e1 o dem\u00f4nio&#8221;<\/h2>\n<p>Hoje assistimos a uma \u201cgrande persegui\u00e7\u00e3o\u201d n\u00e3o somente em rela\u00e7\u00e3o aos crist\u00e3os, mas tamb\u00e9m contra toda homem e mulher, \u201catrav\u00e9s das coloniza\u00e7\u00f5es culturais, das guerras, da fome e da escravid\u00e3o\u201d, porque o mundo contempor\u00e2neo \u00e9 \u201cum mundo de escravos\u201d: esta foi a reflex\u00e3o do Papa Francisco na homilia da missa celebrada na manh\u00e3 de sexta-feira (1\u00ba\/06) na Casa Santa Marta.<\/p>\n<p>Falando sobre a Primeira Leitura, de S\u00e3o Pedro Ap\u00f3stolo, em que se afirma que a persegui\u00e7\u00e3o aos crist\u00e3os nos primeiros s\u00e9culos eclodiu como um inc\u00eandio, o Papa explicou que se trata de \u201cparte da vida crist\u00e3\u201d, uma \u201cbem-aventuran\u00e7a\u201d: Jesus foi perseguido por \u201ccausa de sua fidelidade ao Pai\u201d.<\/p>\n<div>\n<div>&nbsp;<\/div>\n<\/div>\n<p>A persegui\u00e7\u00e3o \u00e9 um pouco como o \u201car\u201d do qual vive o crist\u00e3o inclusive hoje, porque hoje existem muitos, muitos m\u00e1rtires, muitos perseguidos por amor a Cristo. Em muitos pa\u00edses, os crist\u00e3os n\u00e3o t\u00eam direitos. Se voc\u00ea carrega uma cruz, vai para a pris\u00e3o e h\u00e1 pessoas presas; h\u00e1 pessoas condenadas a morrer por serem crist\u00e3s hoje. Houve pessoas mortas e o n\u00famero \u00e9 mais alto do que os m\u00e1rtires dos primeiros tempos. Mais alto! Mas isso n\u00e3o faz not\u00edcia. E por isso os telejornais, os jornais n\u00e3o publicam essas coisas. Mas os crist\u00e3os s\u00e3o perseguidos.<\/p>\n<p>Francisco observou que hoje existe tamb\u00e9m outra persegui\u00e7\u00e3o: \u201ca cada homem e mulher porque s\u00e3o imagens vivas de Deus\u201d.<\/p>\n<p>Por tr\u00e1s de cada persegui\u00e7\u00e3o, seja aos crist\u00e3os, seja aos humanos, est\u00e1 o diabo, est\u00e1 o dem\u00f4nio que tenta destruir a confiss\u00e3o de Cristo nos crist\u00e3os e a imagem de Deus no homem e na mulher. Desde o in\u00edcio, tentou fazer isso \u2013 como podemos ler no Livro do G\u00eanesis \u2013, destruir aquela harmonia entre homem e mulher que o Senhor criou, aquela harmonia que deriva do ser imagem e semelhan\u00e7a de Deus. E conseguiu fazer. Conseguiu fazer com a mentira, a sedu\u00e7\u00e3o\u2026 Com as armas que ele utiliza. Sempre faz assim. Mas tamb\u00e9m hoje tem uma for\u00e7a, eu diria essa f\u00faria contra o homem e a mullher porque, do cont\u00e1rio, n\u00e3o se explica esta onda crescente de destrui\u00e7\u00f5es ao homem e \u00e0 mulher, ao humano.<\/p>\n<p>O pont\u00edfice pensa na fome, uma \u201cinjusti\u00e7a\u201d que \u201cdestr\u00f3i o homem e a mulher porque n\u00e3o t\u00eam o que comer\u201d, ainda que exista \u201cmuita comida\u201d no mundo. Depois falou da explora\u00e7\u00e3o do ser humano, das diferentes formas de escravid\u00e3o e recorda como recentemente viu uma filmagem feita \u201cescondida\u201d em uma pris\u00e3o onde est\u00e3o recolhidos migrantes, submetidos \u00e0 \u201ctorturas\u201d, a formas de \u201cdestrui\u00e7\u00e3o\u201d para \u201cescravizar\u201d.&nbsp; E constata que isso acontece \u201cdepois de 70 anos da declara\u00e7\u00e3o dos direitos humanos\u201d.<\/p>\n<div class=\"nativo-inread\">&nbsp;<\/div>\n<p>Ent\u00e3o ele reflete sobre as coloniza\u00e7\u00f5es culturais, \u201cquando \u2013 explica \u2013 os imp\u00e9rios imp\u00f5e disposi\u00e7\u00f5es de sua cultura contra a independ\u00eancia, contra a cultura do povo, impondo coisas que n\u00e3o s\u00e3o humanas para destruir\u201d, &nbsp;para \u201ca morte\u201d.<\/p>\n<p>Francisco observa que o que o diabo quer \u00e9 precisamente \u201ca destrui\u00e7\u00e3o da dignidade\u201d e \u201cpor isso persegue\u201d:<\/p>\n<p>E no final, podemos pensar nas guerras como um instrumento de destrui\u00e7\u00e3o de pessoas, da imagem de Deus. Mas tamb\u00e9m nas pessoas que fazem as guerras, que planejam as guerras para ter poder sobre os outros. H\u00e1 pessoas que trabalham em muitas ind\u00fastrias de armas para destruir a humanidade, para destruir a imagem do homem e da mulher, tanto f\u00edsica como moralmente, como culturalmente. \u201cMas, padre, esses n\u00e3o s\u00e3o crist\u00e3os. Por que s\u00e3o perseguidos?\u201d \u2013 \u201cSim, s\u00e3o a imagem de Deus. E por isso o diabo os persegue\u201d. E os imp\u00e9rios continuam as persegui\u00e7\u00f5es hoje. N\u00f3s n\u00e3o devemos nos permitir ser ing\u00eanuos. Hoje, no mundo, n\u00e3o s\u00f3 os crist\u00e3os s\u00e3o perseguidos; os seres humanos, o homem e a mulher, porque o pai de toda persegui\u00e7\u00e3o n\u00e3o tolera que sejam a imagem e semelhan\u00e7a de Deus. E ataca e destr\u00f3i essa imagem. N\u00e3o \u00e9 f\u00e1cil entender isso; \u00e9 preciso muita ora\u00e7\u00e3o para entend\u00ea-lo.(Vatican News)<\/p>\n<p>&nbsp;<\/p>\n","protected":false},"excerpt":{"rendered":"<p>&#8220;Por tr\u00e1s de cada persegui\u00e7\u00e3o, seja aos crist\u00e3os, seja aos humanos, est\u00e1 o diabo, est\u00e1 o dem\u00f4nio&#8221; Hoje assistimos a uma \u201cgrande persegui\u00e7\u00e3o\u201d n\u00e3o somente em rela\u00e7\u00e3o aos crist\u00e3os, mas tamb\u00e9m contra toda homem e mulher, \u201catrav\u00e9s das coloniza\u00e7\u00f5es culturais, das guerras, da fome e da escravid\u00e3o\u201d, porque o mundo contempor\u00e2neo \u00e9 \u201cum mundo de&nbsp;<\/p>\n<p><a class=\"btn btn-style\" href=\"http:\/\/portalcatolico.net\/portal\/papa-o-demonio-destroi-a-dignidade-e-provoca-escravidao\/\">Continue Reading<\/a><\/p>\n","protected":false},"author":2,"featured_media":56050,"comment_status":"open","ping_status":"open","sticky":false,"template":"","format":"standard","meta":{"footnotes":""},"categories":[5],"tags":[],"class_list":["post-56049","post","type-post","status-publish","format-standard","has-post-thumbnail","hentry","category-igreja_no_mundo"],"_links":{"self":[{"href":"http:\/\/portalcatolico.net\/portal\/wp-json\/wp\/v2\/posts\/56049","targetHints":{"allow":["GET"]}}],"collection":[{"href":"http:\/\/portalcatolico.net\/portal\/wp-json\/wp\/v2\/posts"}],"about":[{"href":"http:\/\/portalcatolico.net\/portal\/wp-json\/wp\/v2\/types\/post"}],"author":[{"embeddable":true,"href":"http:\/\/portalcatolico.net\/portal\/wp-json\/wp\/v2\/users\/2"}],"replies":[{"embeddable":true,"href":"http:\/\/portalcatolico.net\/portal\/wp-json\/wp\/v2\/comments?post=56049"}],"version-history":[{"count":2,"href":"http:\/\/portalcatolico.net\/portal\/wp-json\/wp\/v2\/posts\/56049\/revisions"}],"predecessor-version":[{"id":56054,"href":"http:\/\/portalcatolico.net\/portal\/wp-json\/wp\/v2\/posts\/56049\/revisions\/56054"}],"wp:featuredmedia":[{"embeddable":true,"href":"http:\/\/portalcatolico.net\/portal\/wp-json\/wp\/v2\/media\/56050"}],"wp:attachment":[{"href":"http:\/\/portalcatolico.net\/portal\/wp-json\/wp\/v2\/media?parent=56049"}],"wp:term":[{"taxonomy":"category","embeddable":true,"href":"http:\/\/portalcatolico.net\/portal\/wp-json\/wp\/v2\/categories?post=56049"},{"taxonomy":"post_tag","embeddable":true,"href":"http:\/\/portalcatolico.net\/portal\/wp-json\/wp\/v2\/tags?post=56049"}],"curies":[{"name":"wp","href":"https:\/\/api.w.org\/{rel}","templated":true}]}}