{"id":56041,"date":"2018-05-31T23:14:31","date_gmt":"2018-06-01T02:14:31","guid":{"rendered":"http:\/\/portalcatolico.net\/portal\/?p=56041"},"modified":"2018-06-01T09:14:06","modified_gmt":"2018-06-01T12:14:06","slug":"solenidade-de-corpus-christi-e-celebrada-em-todas-as-igrejas-da-diocese-de-itabuna","status":"publish","type":"post","link":"http:\/\/portalcatolico.net\/portal\/solenidade-de-corpus-christi-e-celebrada-em-todas-as-igrejas-da-diocese-de-itabuna\/","title":{"rendered":"Solenidade de Corpus Christi \u00e9 celebrada em todas as igrejas  da Diocese de Itabuna"},"content":{"rendered":"<p class=\"m_5252781369260125771xgmail-msonospacing\">Nesta quinta-feira, 31 de maio,&nbsp;&nbsp;celebra-se a solenidade de \u201cCorpus Christi\u201d como \u00e9 de tradi\u00e7\u00e3o em todos anos, em todo o continente . Esta festa manifesta a centralidade da Santa Eucaristia, sacramento do Corpo e Sangue de Cristo.<u><\/u><u><\/u><\/p>\n<p class=\"m_5252781369260125771xgmail-msonospacing\">Na parte da manh\u00e3, as par\u00f3quias celebraram a solenidade de Corpos Christi em suas respectivas par\u00f3quias,&nbsp;&nbsp;em hor\u00e1rios definidos pelos padres. Os tradicionais tapetes foram confeccionados logo cedo.&nbsp;<em>A pr\u00e1tica, surgida em&nbsp;Portugal&nbsp;e posteriormente difundida no&nbsp;Brasil,&nbsp;durante o per\u00edodo colonizat\u00f3rio,&nbsp;consiste na confec\u00e7\u00e3o de representa\u00e7\u00f5es de cenas b\u00edblicas, objetos devocionais ou simples temas ornamentais sobre as ruas em que a prociss\u00e3o da&nbsp;Eucaristia&nbsp;passar\u00e1. S\u00e3o desenhos que fazem alus\u00e3o \u00e0 figura de&nbsp;Cristo, do&nbsp;p\u00e3o&nbsp;e do&nbsp;c\u00e1lice.<\/em><u><\/u><u><\/u><\/p>\n<p class=\"m_5252781369260125771xgmail-msonospacing\">&nbsp;\u201cO surgimento dessa festa deu-se de modo oficial no ano de 1246 na B\u00e9lgica, fazendo com que Jesus fosse mais exaltado, mais conhecido, mais vivido, mais amado. \u00c9 o que n\u00f3s estamos querendo fazer aqui em nossa Diocese, em nossos cora\u00e7\u00f5es, celebrando Corpus Christi de modo solene\u201d, disse o do Bispo da Diocese de Itabuna, Dom Carlos Alberto dos Santos, na Celebra\u00e7\u00e3o Eucar\u00edstica que aconteceu por volta das 15h na Catedral de S\u00e3o Jos\u00e9, em Itabuna.<u><\/u><u><\/u><\/p>\n<p class=\"m_5252781369260125771xgmail-msonospacing\">Pelo menos, 8 mil cat\u00f3licos das 14 par\u00f3quias da Faronia Centro de Itabuna, ap\u00f3s a solenidade, caminhou&nbsp;&nbsp;em prociss\u00e3o ao lado do Jesus Eucar\u00edstico, pelas principais ruas e avenidas do centro da cidade, que teve fim com a ben\u00e7\u00e3o do Sant\u00edssimo Sacramento.<\/p>\n<p>Texto:Reda\u00e7\u00e3o\/Portal Cat\u00f3lico.Net<\/p>\n<p>Fotos: <a href=\"https:\/\/www.facebook.com\/portalcatolicooficial\/\">CLIQUE AQUI<\/a><\/p>\n<p><strong>Assista o videio dos melhores momentos:<\/strong><\/p>\n<p><iframe loading=\"lazy\"  id=\"_ytid_69193\"  width=\"480\" height=\"270\"  data-origwidth=\"480\" data-origheight=\"270\" src=\"https:\/\/www.youtube.com\/embed\/JpvEQyBqjtE?enablejsapi=1&#038;autoplay=0&#038;cc_load_policy=0&#038;cc_lang_pref=&#038;iv_load_policy=1&#038;loop=0&#038;rel=1&#038;fs=1&#038;playsinline=0&#038;autohide=2&#038;theme=dark&#038;color=red&#038;controls=1&#038;disablekb=0&#038;\" class=\"__youtube_prefs__  epyt-is-override  no-lazyload\" title=\"YouTube player\"  allow=\"fullscreen; accelerometer; autoplay; clipboard-write; encrypted-media; gyroscope; picture-in-picture; web-share\" referrerpolicy=\"strict-origin-when-cross-origin\" allowfullscreen data-no-lazy=\"1\" data-skipgform_ajax_framebjll=\"\"><\/iframe><\/p>\n","protected":false},"excerpt":{"rendered":"<p>Nesta quinta-feira, 31 de maio,&nbsp;&nbsp;celebra-se a solenidade de \u201cCorpus Christi\u201d como \u00e9 de tradi\u00e7\u00e3o em todos anos, em todo o continente . Esta festa manifesta a centralidade da Santa Eucaristia, sacramento do Corpo e Sangue de Cristo. Na parte da manh\u00e3, as par\u00f3quias celebraram a solenidade de Corpos Christi em suas respectivas par\u00f3quias,&nbsp;&nbsp;em hor\u00e1rios definidos&nbsp;<\/p>\n<p><a class=\"btn btn-style\" href=\"http:\/\/portalcatolico.net\/portal\/solenidade-de-corpus-christi-e-celebrada-em-todas-as-igrejas-da-diocese-de-itabuna\/\">Continue Reading<\/a><\/p>\n","protected":false},"author":2,"featured_media":56042,"comment_status":"open","ping_status":"open","sticky":false,"template":"","format":"standard","meta":{"footnotes":""},"categories":[68],"tags":[],"class_list":["post-56041","post","type-post","status-publish","format-standard","has-post-thumbnail","hentry","category-homilias"],"_links":{"self":[{"href":"http:\/\/portalcatolico.net\/portal\/wp-json\/wp\/v2\/posts\/56041","targetHints":{"allow":["GET"]}}],"collection":[{"href":"http:\/\/portalcatolico.net\/portal\/wp-json\/wp\/v2\/posts"}],"about":[{"href":"http:\/\/portalcatolico.net\/portal\/wp-json\/wp\/v2\/types\/post"}],"author":[{"embeddable":true,"href":"http:\/\/portalcatolico.net\/portal\/wp-json\/wp\/v2\/users\/2"}],"replies":[{"embeddable":true,"href":"http:\/\/portalcatolico.net\/portal\/wp-json\/wp\/v2\/comments?post=56041"}],"version-history":[{"count":3,"href":"http:\/\/portalcatolico.net\/portal\/wp-json\/wp\/v2\/posts\/56041\/revisions"}],"predecessor-version":[{"id":56048,"href":"http:\/\/portalcatolico.net\/portal\/wp-json\/wp\/v2\/posts\/56041\/revisions\/56048"}],"wp:featuredmedia":[{"embeddable":true,"href":"http:\/\/portalcatolico.net\/portal\/wp-json\/wp\/v2\/media\/56042"}],"wp:attachment":[{"href":"http:\/\/portalcatolico.net\/portal\/wp-json\/wp\/v2\/media?parent=56041"}],"wp:term":[{"taxonomy":"category","embeddable":true,"href":"http:\/\/portalcatolico.net\/portal\/wp-json\/wp\/v2\/categories?post=56041"},{"taxonomy":"post_tag","embeddable":true,"href":"http:\/\/portalcatolico.net\/portal\/wp-json\/wp\/v2\/tags?post=56041"}],"curies":[{"name":"wp","href":"https:\/\/api.w.org\/{rel}","templated":true}]}}