{"id":55953,"date":"2018-05-31T21:53:26","date_gmt":"2018-06-01T00:53:26","guid":{"rendered":"http:\/\/portalcatolico.net\/portal\/?p=55953"},"modified":"2018-05-31T21:54:03","modified_gmt":"2018-06-01T00:54:03","slug":"una-comunidade-catolico-de-una-confeccionam-tapete-de-corpus-christi","status":"publish","type":"post","link":"http:\/\/portalcatolico.net\/portal\/una-comunidade-catolico-de-una-confeccionam-tapete-de-corpus-christi\/","title":{"rendered":"UNA: COMUNIDADE CAT\u00d3LICO DE UNA CONFECCIONAM TAPETE DE CORPUS CHRISTI"},"content":{"rendered":"<p style=\"font-weight: 400;\">Cat\u00f3licos confeccionaram na noite da \u00faltima quarta-feira (30) os tapetes, para a celebra\u00e7\u00e3o de Corpus Christi, na quinta feira (31). O tapete foi feito com areia, serragem colorida, tampilhas, borra de caf\u00e9, sal grosso colorido, cal, malha picotada e diversos materiais. O trabalho tomou conta das ruas do Centro da cidade.<\/p>\n<p style=\"font-weight: 400;\">Este ano os desenhos confeccionados no tapete teve como tema: Crist\u00e3os Leigos e Leigas nos are\u00f3pagos modernos: Fam\u00edlia, Mundo do Trabalho, Mundo da.Leia <a href=\"http:\/\/www.paroquiadesaojoseunaba.com.br\/2018\/05\/una-comunidade-catolico-de-una.html\">mais..http:\/\/www.paroquiadesaojoseunaba.com.br\/2018\/05\/una-comunidade-catolico-de-una.html<\/a><\/p>\n","protected":false},"excerpt":{"rendered":"<p>Cat\u00f3licos confeccionaram na noite da \u00faltima quarta-feira (30) os tapetes, para a celebra\u00e7\u00e3o de Corpus Christi, na quinta feira (31). O tapete foi feito com areia, serragem colorida, tampilhas, borra de caf\u00e9, sal grosso colorido, cal, malha picotada e diversos materiais. O trabalho tomou conta das ruas do Centro da cidade. Este ano os desenhos&nbsp;<\/p>\n<p><a class=\"btn btn-style\" href=\"http:\/\/portalcatolico.net\/portal\/una-comunidade-catolico-de-una-confeccionam-tapete-de-corpus-christi\/\">Continue Reading<\/a><\/p>\n","protected":false},"author":2,"featured_media":55956,"comment_status":"open","ping_status":"open","sticky":false,"template":"","format":"standard","meta":{"footnotes":""},"categories":[4],"tags":[],"class_list":["post-55953","post","type-post","status-publish","format-standard","has-post-thumbnail","hentry","category-destaques"],"_links":{"self":[{"href":"http:\/\/portalcatolico.net\/portal\/wp-json\/wp\/v2\/posts\/55953","targetHints":{"allow":["GET"]}}],"collection":[{"href":"http:\/\/portalcatolico.net\/portal\/wp-json\/wp\/v2\/posts"}],"about":[{"href":"http:\/\/portalcatolico.net\/portal\/wp-json\/wp\/v2\/types\/post"}],"author":[{"embeddable":true,"href":"http:\/\/portalcatolico.net\/portal\/wp-json\/wp\/v2\/users\/2"}],"replies":[{"embeddable":true,"href":"http:\/\/portalcatolico.net\/portal\/wp-json\/wp\/v2\/comments?post=55953"}],"version-history":[{"count":1,"href":"http:\/\/portalcatolico.net\/portal\/wp-json\/wp\/v2\/posts\/55953\/revisions"}],"predecessor-version":[{"id":55957,"href":"http:\/\/portalcatolico.net\/portal\/wp-json\/wp\/v2\/posts\/55953\/revisions\/55957"}],"wp:featuredmedia":[{"embeddable":true,"href":"http:\/\/portalcatolico.net\/portal\/wp-json\/wp\/v2\/media\/55956"}],"wp:attachment":[{"href":"http:\/\/portalcatolico.net\/portal\/wp-json\/wp\/v2\/media?parent=55953"}],"wp:term":[{"taxonomy":"category","embeddable":true,"href":"http:\/\/portalcatolico.net\/portal\/wp-json\/wp\/v2\/categories?post=55953"},{"taxonomy":"post_tag","embeddable":true,"href":"http:\/\/portalcatolico.net\/portal\/wp-json\/wp\/v2\/tags?post=55953"}],"curies":[{"name":"wp","href":"https:\/\/api.w.org\/{rel}","templated":true}]}}