{"id":55941,"date":"2018-05-31T19:27:23","date_gmt":"2018-05-31T22:27:23","guid":{"rendered":"http:\/\/portalcatolico.net\/portal\/?p=55941"},"modified":"2018-05-31T19:28:23","modified_gmt":"2018-05-31T22:28:23","slug":"fieis-se-emocionam-com-coroacao-de-nossa-senhora-em-paroquia-itabunense","status":"publish","type":"post","link":"http:\/\/portalcatolico.net\/portal\/fieis-se-emocionam-com-coroacao-de-nossa-senhora-em-paroquia-itabunense\/","title":{"rendered":"Fieis se emocionam com Coroa\u00e7\u00e3o de Nossa Senhora em par\u00f3quia itabunense"},"content":{"rendered":"<p class=\"m_2465664733515626397xgmail-msonospacing\"><em>A Legi\u00e3o de Maria da Par\u00f3quia Santa Rita de C\u00e1ssia em Itabuna (BA), vem&nbsp;&nbsp;realizando desde domingo, 27 de maio,&nbsp;o Tr\u00edduo em prepara\u00e7\u00e3o \u00e0&nbsp;&nbsp;Coroa\u00e7\u00e3o de Nossa Senhora. Os legion\u00e1rios e todas as pastorais, movimentos da par\u00f3quia, participaram todas as noites com a reza do ter\u00e7o luminoso no p\u00e1tio da igreja, sempre \u00e0s 18h e em seguida, acontecia a&nbsp;&nbsp;santa missa, \u00e0s 19h. Nesta quarta-feira, 30 de maio, a t\u00e3o esperada Coroa\u00e7\u00e3o chegou.&nbsp;&nbsp;<u><\/u><u><\/u><\/em><\/p>\n<p class=\"m_2465664733515626397xgmail-msonospacing\"><em>O momento&nbsp;&nbsp;de Coroa\u00e7\u00e3o de Nossa Senhora e&nbsp;evangeliza\u00e7\u00e3o aconteceu no final da santa missa, assim encerrando o m\u00eas mariano. A Celebra\u00e7\u00e3o Eucar\u00edstica teve in\u00edcio \u00e0s 19h e foi presidida pelo Frei&nbsp;&nbsp;o Pe. Carlos In\u00e1cio, OFM Cap, (vig\u00e1rio paroquial) e concelebrada pelo Frei Pe. Jose Genilton Castro, OFM Cap. Na homilia, frei Genilton disse: \u201cIremos coroar a m\u00e3e do filho de Deus. Dif\u00edcil falar de Cristo, sem antes reportarmos para sua m\u00e3e e dif\u00edcil falarmos de Maria sem nos vincularmos ao seu filho amado. Os dois est\u00e3o interligados!\u201d<\/em><u><\/u><u><\/u><\/p>\n<p class=\"m_2465664733515626397xgmail-msonospacing\"><em>As crian\u00e7as da perseveran\u00e7a e da catequese estavam todas vestidas com&nbsp;&nbsp;camisa das pastorais, movimentos, grupos de ora\u00e7\u00e3o e comunidades da par\u00f3quia, representado os leigos, inseridos na igreja&nbsp;&nbsp;pois este \u00e9 o Ano Nacional do Laicato.<\/em><u><\/u><u><\/u><\/p>\n<p class=\"m_2465664733515626397xgmail-msonospacing\"><em>O m\u00eas de maio \u00e9 dedicado \u00e0 Nossa Senhora e \u00e0s devo\u00e7\u00f5es marianas. \u00c9 um tempo especial, de gra\u00e7as, para quem tem como Nossa Senhora como advogada e intercessora fiel diante de Deus. Um m\u00eas com Maria oferece aos fi\u00e9is a oportunidade de vivenciar com intensa devo\u00e7\u00e3o o m\u00eas dedicado \u00e0 M\u00e3e de Deus. \u00c9 dirigido, sobretudo, \u00e0s comunidades que, durante o m\u00eas de maio, se re\u00fanem para rezar o Santo Ter\u00e7o. Mas pode tamb\u00e9m ser utilizado para ora\u00e7\u00e3o di\u00e1ria pessoal ou em fam\u00edlia.<u><\/u><u><\/u><\/em><\/p>\n<p class=\"m_2465664733515626397xgmail-msonospacing\"><em>Nossa Senhora teve sempre na Igreja um lugar de destaque porque sua pessoa est\u00e1 intimamente ligada \u00e0 pessoa de Nossa Senhor Jesus Cristo. Maria, enquanto M\u00e3e do Deus-Redentor est\u00e1 associada a Cristo, cabe\u00e7a da Igreja, e assim, recebe do Corpo tamb\u00e9m os louvores que a cabe\u00e7a \u00e9 digna&nbsp;de receber.<\/em><\/p>\n<p>Texto:Reda\u00e7\u00e3o\/Portal Cat\u00f3lico.Net<\/p>\n<p><strong>Assista o v\u00eddeo dos melhores momentos.<\/strong><\/p>\n<p><iframe loading=\"lazy\"  id=\"_ytid_16162\"  width=\"480\" height=\"270\"  data-origwidth=\"480\" data-origheight=\"270\" src=\"https:\/\/www.youtube.com\/embed\/GubHvJSG4Fk?enablejsapi=1&#038;autoplay=0&#038;cc_load_policy=0&#038;cc_lang_pref=&#038;iv_load_policy=1&#038;loop=0&#038;rel=1&#038;fs=1&#038;playsinline=0&#038;autohide=2&#038;theme=dark&#038;color=red&#038;controls=1&#038;disablekb=0&#038;\" class=\"__youtube_prefs__  epyt-is-override  no-lazyload\" title=\"YouTube player\"  allow=\"fullscreen; accelerometer; autoplay; clipboard-write; encrypted-media; gyroscope; picture-in-picture; web-share\" referrerpolicy=\"strict-origin-when-cross-origin\" allowfullscreen data-no-lazy=\"1\" data-skipgform_ajax_framebjll=\"\"><\/iframe><\/p>\n","protected":false},"excerpt":{"rendered":"<p>A Legi\u00e3o de Maria da Par\u00f3quia Santa Rita de C\u00e1ssia em Itabuna (BA), vem&nbsp;&nbsp;realizando desde domingo, 27 de maio,&nbsp;o Tr\u00edduo em prepara\u00e7\u00e3o \u00e0&nbsp;&nbsp;Coroa\u00e7\u00e3o de Nossa Senhora. Os legion\u00e1rios e todas as pastorais, movimentos da par\u00f3quia, participaram todas as noites com a reza do ter\u00e7o luminoso no p\u00e1tio da igreja, sempre \u00e0s 18h e em seguida,&nbsp;<\/p>\n<p><a class=\"btn btn-style\" href=\"http:\/\/portalcatolico.net\/portal\/fieis-se-emocionam-com-coroacao-de-nossa-senhora-em-paroquia-itabunense\/\">Continue Reading<\/a><\/p>\n","protected":false},"author":2,"featured_media":55942,"comment_status":"open","ping_status":"open","sticky":false,"template":"","format":"standard","meta":{"footnotes":""},"categories":[68],"tags":[],"class_list":["post-55941","post","type-post","status-publish","format-standard","has-post-thumbnail","hentry","category-homilias"],"_links":{"self":[{"href":"http:\/\/portalcatolico.net\/portal\/wp-json\/wp\/v2\/posts\/55941","targetHints":{"allow":["GET"]}}],"collection":[{"href":"http:\/\/portalcatolico.net\/portal\/wp-json\/wp\/v2\/posts"}],"about":[{"href":"http:\/\/portalcatolico.net\/portal\/wp-json\/wp\/v2\/types\/post"}],"author":[{"embeddable":true,"href":"http:\/\/portalcatolico.net\/portal\/wp-json\/wp\/v2\/users\/2"}],"replies":[{"embeddable":true,"href":"http:\/\/portalcatolico.net\/portal\/wp-json\/wp\/v2\/comments?post=55941"}],"version-history":[{"count":1,"href":"http:\/\/portalcatolico.net\/portal\/wp-json\/wp\/v2\/posts\/55941\/revisions"}],"predecessor-version":[{"id":55943,"href":"http:\/\/portalcatolico.net\/portal\/wp-json\/wp\/v2\/posts\/55941\/revisions\/55943"}],"wp:featuredmedia":[{"embeddable":true,"href":"http:\/\/portalcatolico.net\/portal\/wp-json\/wp\/v2\/media\/55942"}],"wp:attachment":[{"href":"http:\/\/portalcatolico.net\/portal\/wp-json\/wp\/v2\/media?parent=55941"}],"wp:term":[{"taxonomy":"category","embeddable":true,"href":"http:\/\/portalcatolico.net\/portal\/wp-json\/wp\/v2\/categories?post=55941"},{"taxonomy":"post_tag","embeddable":true,"href":"http:\/\/portalcatolico.net\/portal\/wp-json\/wp\/v2\/tags?post=55941"}],"curies":[{"name":"wp","href":"https:\/\/api.w.org\/{rel}","templated":true}]}}