{"id":55938,"date":"2018-05-31T12:26:04","date_gmt":"2018-05-31T15:26:04","guid":{"rendered":"http:\/\/portalcatolico.net\/portal\/?p=55938"},"modified":"2018-05-31T12:26:04","modified_gmt":"2018-05-31T15:26:04","slug":"10-fatos-sobre-a-eucaristia-para-recordar-na-solenidade-de-corpus-christi","status":"publish","type":"post","link":"http:\/\/portalcatolico.net\/portal\/10-fatos-sobre-a-eucaristia-para-recordar-na-solenidade-de-corpus-christi\/","title":{"rendered":"10 fatos sobre a Eucaristia para recordar na Solenidade de Corpus Christi"},"content":{"rendered":"<p>Durante s\u00e9culos, a&nbsp;Igreja&nbsp;e os santos animaram os fi\u00e9is ao amor a&nbsp;Eucaristia. H\u00e1 inclusive algumas pessoas que entregam sua&nbsp;vida&nbsp;para proteg\u00ea-la. Hoje, Solenidade de&nbsp;Corpus Christi, apresentamos 10 coisas que todo crist\u00e3o deveria saber em rela\u00e7\u00e3o a este grande milagre:<\/p>\n<p><strong>1.<\/strong>&nbsp;Jesus, reunido com seus ap\u00f3stolos durante a \u00daltima Ceia, instituiu o sacramento da Eucaristia: \u201cTomai e comei; isto \u00e9 meu corpo\u2026\u201d (Mt, 26, 26-28). Desta maneira fez com que os ap\u00f3stolos participassem do seu sacerd\u00f3cio e mandou que fizessem o mesmo em mem\u00f3ria dele.<\/p>\n<p><strong>2.<\/strong>&nbsp;A palavra Eucaristia, derivada do grego eucharist\u00eda, significa \u201cA\u00e7\u00e3o de gra\u00e7as\u201d e se aplica a este sacramento porque nosso Senhor deu gra\u00e7as ao seu Pai quando a instituiu; al\u00e9m disso, porque o Santo Sacrif\u00edcio da&nbsp;Missa&nbsp;\u00e9 a melhor maneira de dar gra\u00e7as a Deus pela Sua Bondade.<\/p>\n<p><strong>3.<\/strong>&nbsp;O Conc\u00edlio de Trento define claramente: \u201cNo Sant\u00edssimo Sacramento da Eucaristia est\u00e1 contido verdadeira, real e substancialmente o Corpo e Sangue de nosso Senhor Jesus Cristo, junto a sua Alma e Divindade. Em realidade Cristo se faz presente integralmente\u201d.<\/p>\n<p><strong>4.<\/strong>&nbsp;Na Santa Missa, os&nbsp;bispos&nbsp;e sacerdotes transformam realmente o p\u00e3o e o vinho no&nbsp;Corpo e Sangue de Cristo&nbsp;durante a consagra\u00e7\u00e3o.<\/p>\n<p><strong>5.<\/strong>&nbsp;A Comunh\u00e3o \u00e9 receber Jesus Cristo sacramentado na Eucaristia. A Igreja manda comungar pelo menos uma vez ao ano, em estado de gra\u00e7a, e recomenda a comunh\u00e3o frequente. \u00c9 muito importante receber a Primeira Comunh\u00e3o quando a pessoa chega ao uso da raz\u00e3o, com a devida prepara\u00e7\u00e3o.<\/p>\n<p><strong>6.<\/strong>&nbsp;O jejum eucar\u00edstico consiste em deixar de comer qualquer alimento ou bebida ao menos uma hora antes da Sagrada Comunh\u00e3o, exceto \u00e1gua e rem\u00e9dios. Os doentes e seus cuidadores podem comungar embora tenham tomado algo na hora imediatamente antes.<\/p>\n<p><strong>7.<\/strong>&nbsp;A pessoa que comunga em pecado mortal comete um pecado grave chamado sacril\u00e9gio. Aqueles que desejam comungar e est\u00e3o em pecado mortal n\u00e3o podem receber a Comunh\u00e3o sem antes receber o sacramento da Penit\u00eancia, pois para comungar n\u00e3o basta o ato de contri\u00e7\u00e3o.<\/p>\n<p><strong>8.&nbsp;<\/strong>Frequentar a Santa Missa \u00e9 um ato de amor a Deus que deve brotar naturalmente de cada crist\u00e3o. E tamb\u00e9m \u00e9 uma obriga\u00e7\u00e3o guardar os domingos e festas religiosas de preceito, salvo quando impedido por uma causa grave.<\/p>\n<p><strong>9.<\/strong>&nbsp;A Eucaristia no Sacr\u00e1rio \u00e9 um sinal pelo qual nosso Senhor est\u00e1 constantemente presente em meio do seu povo e \u00e9 alimento espiritual para doentes e moribundos. Devemos prestar sempre nosso agradecimento, adora\u00e7\u00e3o e devo\u00e7\u00e3o \u00e0 real presen\u00e7a de Cristo reservado no Sant\u00edssimo Sacramento.<\/p>\n<p><strong>10.<\/strong>&nbsp;No Vaticano, a Solenidade de&nbsp;Corpus Christi&nbsp;\u00e9 celebrada na quinta-feira depois da Solenidade da Sant\u00edssima Trindade. Mas, em v\u00e1rias dioceses \u00e9 comemorado no domingo posterior.(ACI Digital)<\/p>\n<p>Por Abel Camasca<\/p>\n<p>Cr\u00e9dito da Imagem: Flickr &#8211; Lawrence OP (CC-BY-NC-ND-2.0<\/p>\n","protected":false},"excerpt":{"rendered":"<p>Durante s\u00e9culos, a&nbsp;Igreja&nbsp;e os santos animaram os fi\u00e9is ao amor a&nbsp;Eucaristia. H\u00e1 inclusive algumas pessoas que entregam sua&nbsp;vida&nbsp;para proteg\u00ea-la. Hoje, Solenidade de&nbsp;Corpus Christi, apresentamos 10 coisas que todo crist\u00e3o deveria saber em rela\u00e7\u00e3o a este grande milagre: 1.&nbsp;Jesus, reunido com seus ap\u00f3stolos durante a \u00daltima Ceia, instituiu o sacramento da Eucaristia: \u201cTomai e comei; isto&nbsp;<\/p>\n<p><a class=\"btn btn-style\" href=\"http:\/\/portalcatolico.net\/portal\/10-fatos-sobre-a-eucaristia-para-recordar-na-solenidade-de-corpus-christi\/\">Continue Reading<\/a><\/p>\n","protected":false},"author":2,"featured_media":55939,"comment_status":"open","ping_status":"open","sticky":false,"template":"","format":"standard","meta":{"footnotes":""},"categories":[4],"tags":[],"class_list":["post-55938","post","type-post","status-publish","format-standard","has-post-thumbnail","hentry","category-destaques"],"_links":{"self":[{"href":"http:\/\/portalcatolico.net\/portal\/wp-json\/wp\/v2\/posts\/55938","targetHints":{"allow":["GET"]}}],"collection":[{"href":"http:\/\/portalcatolico.net\/portal\/wp-json\/wp\/v2\/posts"}],"about":[{"href":"http:\/\/portalcatolico.net\/portal\/wp-json\/wp\/v2\/types\/post"}],"author":[{"embeddable":true,"href":"http:\/\/portalcatolico.net\/portal\/wp-json\/wp\/v2\/users\/2"}],"replies":[{"embeddable":true,"href":"http:\/\/portalcatolico.net\/portal\/wp-json\/wp\/v2\/comments?post=55938"}],"version-history":[{"count":1,"href":"http:\/\/portalcatolico.net\/portal\/wp-json\/wp\/v2\/posts\/55938\/revisions"}],"predecessor-version":[{"id":55940,"href":"http:\/\/portalcatolico.net\/portal\/wp-json\/wp\/v2\/posts\/55938\/revisions\/55940"}],"wp:featuredmedia":[{"embeddable":true,"href":"http:\/\/portalcatolico.net\/portal\/wp-json\/wp\/v2\/media\/55939"}],"wp:attachment":[{"href":"http:\/\/portalcatolico.net\/portal\/wp-json\/wp\/v2\/media?parent=55938"}],"wp:term":[{"taxonomy":"category","embeddable":true,"href":"http:\/\/portalcatolico.net\/portal\/wp-json\/wp\/v2\/categories?post=55938"},{"taxonomy":"post_tag","embeddable":true,"href":"http:\/\/portalcatolico.net\/portal\/wp-json\/wp\/v2\/tags?post=55938"}],"curies":[{"name":"wp","href":"https:\/\/api.w.org\/{rel}","templated":true}]}}