{"id":55838,"date":"2018-05-28T16:24:14","date_gmt":"2018-05-28T19:24:14","guid":{"rendered":"http:\/\/portalcatolico.net\/portal\/?p=55838"},"modified":"2018-05-30T16:27:34","modified_gmt":"2018-05-30T19:27:34","slug":"capela-do-corpo-santo-foi-reaberta-nesta-segunda-feira-28","status":"publish","type":"post","link":"http:\/\/portalcatolico.net\/portal\/capela-do-corpo-santo-foi-reaberta-nesta-segunda-feira-28\/","title":{"rendered":"Capela do Corpo Santo foi reaberta nesta segunda-feira (28)"},"content":{"rendered":"<p>A capital baiana recebeu, na manh\u00e3 de hoje (28), um presente: a reabertura da Capela S\u00e3o Pedro Gon\u00e7alves, popularmente conhecida como Igreja do Corpo Santo. Localizado no bairro do Com\u00e9rcio, pr\u00f3ximo ao Elevador Lacerda, o templo, embora permanecesse aberto, estava com as atividades suspensas h\u00e1 nove anos e, a&nbsp; partir de agora, completamente restaurado, volta a ser refer\u00eancia para os fi\u00e9is cat\u00f3licos.<\/p>\n<p>\u201cPara n\u00f3s \u00e9 uma alegria imensa. A gente sabe que n\u00e3o tem outra cidade na Am\u00e9rica Latina, que tenha um patrim\u00f4nio art\u00edstico religioso como Salvador. Esse \u00e9 mais um patrim\u00f4nio que foi deixado se deteriorar e, com isso, o povo foi perdendo a refer\u00eancia, porque o fiel tem sempre uma igreja de refer\u00eancia, mesmo que ele frequente v\u00e1rias. Agora, reabrindo, n\u00f3s estamos dizendo ao povo: \u2018olha, aqui est\u00e1 mais uma riqueza que a cidade tinha escondida e que agora est\u00e1 \u00e0 servi\u00e7o de todos\u2019\u201d, afirmou o Arcebispo de Salvador e Primaz do Brasil, Dom Murilo Krieger.<\/p>\n<p>A obra de recupera\u00e7\u00e3o da capela foi executada pela Companhia das Docas do Estado da Bahia (Codeba), em parceria com o Instituto do Patrim\u00f4nio Hist\u00f3rico e Art\u00edstico Nacional (IPHAN). \u201c\u00c9 importante registrar que Salvador, como cidade-porto, traz grandes desafios. E grandes responsabilidades relacionadas ao turismo. Por isso a gente destaca essa importante converg\u00eancia que h\u00e1 entre essa iniciativa e as metas que a Codeba estabeleceu com rela\u00e7\u00e3o \u00e0 integra\u00e7\u00e3o efetiva da cidade com o povo\u201d, afirmou o diretor presidente da Codeba, Rondon Brand\u00e3o do Vale.<\/p>\n<p>Na solenidade de reabertura da capela tamb\u00e9m aconteceu a posse do novo capel\u00e3o, que passa a ser o padre Jos\u00e9 Abel Carvalho Pinheiro, que atualmente \u00e9 o p\u00e1roco da Par\u00f3quia Sant\u00edssimo Sacramento e Sant\u2019Ana. \u201cEssa igreja \u00e9 tamb\u00e9m conhecida como a Igreja de S\u00e3o Jos\u00e9 porque aqui se conheceu uma devo\u00e7\u00e3o especial a S\u00e3o Jos\u00e9, que \u00e9 patrono da Igreja, patrono dos oper\u00e1rios, patrono das fam\u00edlias. Ent\u00e3o, aqui, todas as quartas-feiras, sempre se celebrava a Missa de S\u00e3o Jos\u00e9. Com a Igreja fechada, o povo ficou triste e perdeu a refer\u00eancia. Agora, a partir do dia 18 de julho, todas as quartas-feiras, ao meio dia, n\u00f3s vamos celebrar a missa devocional a S\u00e3o Jos\u00e9 aqui nessa igreja. Al\u00e9m das festas normais, 19 de mar\u00e7o, 1\u00ba de maio, que s\u00e3o os dias dedicados a S\u00e3o Jos\u00e9\u201d, contou o padre.<\/p>\n<p>Participaram da solenidade autoridades civis e religiosas, como o padre L\u00e1zaro Muniz, p\u00e1roco da Catedral Bas\u00edlica; o reitor da Bas\u00edlica Santu\u00e1rio Nossa Senhora da Concei\u00e7\u00e3o da Praia, padre Adilton Pinto Lopes; o padre Edilson Bispo, p\u00e1roco da Par\u00f3quia Nossa Senhora da Concei\u00e7\u00e3o (Lapinha); o coordenador da Comiss\u00e3o de Patrim\u00f4nio da Arquidiocese, Irm\u00e3o Jorge Mendes; o diretor do IPAC, Jo\u00e3o Carlos Cruz Oliveira, que representou o governador da Bahia, Rui Costa; o superintendente do Iphan, Bruno Tavares; o secret\u00e1rio de Cultura do Munic\u00edpio, Cl\u00e1udio Tinoco; o capit\u00e3o tenente da Marinha, padre \u00c9rico Pit\u00e1goras; e o representante da Funda\u00e7\u00e3o Greg\u00f3rio de Mattos, Fernando Guerreiro.<\/p>\n<p>Por: Sara Gomes\/Assessoria de Comunica\u00e7\u00e3o da Arquidiocese de Salvador<\/p>\n<p><img loading=\"lazy\" decoding=\"async\" class=\"alignnone  wp-image-55841\" src=\"http:\/\/portalcatolico.net\/portal\/wp-content\/uploads\/2018\/05\/IMG_0241-300x200.jpg\" alt=\"\" width=\"729\" height=\"486\" srcset=\"http:\/\/portalcatolico.net\/portal\/wp-content\/uploads\/2018\/05\/IMG_0241-300x200.jpg 300w, http:\/\/portalcatolico.net\/portal\/wp-content\/uploads\/2018\/05\/IMG_0241-768x512.jpg 768w, http:\/\/portalcatolico.net\/portal\/wp-content\/uploads\/2018\/05\/IMG_0241-1024x683.jpg 1024w\" sizes=\"auto, (max-width: 729px) 100vw, 729px\" \/> <img loading=\"lazy\" decoding=\"async\" class=\"alignnone  wp-image-55842\" src=\"http:\/\/portalcatolico.net\/portal\/wp-content\/uploads\/2018\/05\/IMG_0257-300x200.jpg\" alt=\"\" width=\"728\" height=\"485\" srcset=\"http:\/\/portalcatolico.net\/portal\/wp-content\/uploads\/2018\/05\/IMG_0257-300x200.jpg 300w, http:\/\/portalcatolico.net\/portal\/wp-content\/uploads\/2018\/05\/IMG_0257-768x512.jpg 768w, http:\/\/portalcatolico.net\/portal\/wp-content\/uploads\/2018\/05\/IMG_0257-1024x683.jpg 1024w\" sizes=\"auto, (max-width: 728px) 100vw, 728px\" \/> <img loading=\"lazy\" decoding=\"async\" class=\"alignnone  wp-image-55844\" src=\"http:\/\/portalcatolico.net\/portal\/wp-content\/uploads\/2018\/05\/IMG_0315-300x200.jpg\" alt=\"\" width=\"728\" height=\"485\" srcset=\"http:\/\/portalcatolico.net\/portal\/wp-content\/uploads\/2018\/05\/IMG_0315-300x200.jpg 300w, http:\/\/portalcatolico.net\/portal\/wp-content\/uploads\/2018\/05\/IMG_0315-768x512.jpg 768w, http:\/\/portalcatolico.net\/portal\/wp-content\/uploads\/2018\/05\/IMG_0315-1024x683.jpg 1024w\" sizes=\"auto, (max-width: 728px) 100vw, 728px\" \/> <img loading=\"lazy\" decoding=\"async\" class=\"alignnone  wp-image-55845\" src=\"http:\/\/portalcatolico.net\/portal\/wp-content\/uploads\/2018\/05\/IMG_0318-300x200.jpg\" alt=\"\" width=\"730\" height=\"486\" srcset=\"http:\/\/portalcatolico.net\/portal\/wp-content\/uploads\/2018\/05\/IMG_0318-300x200.jpg 300w, http:\/\/portalcatolico.net\/portal\/wp-content\/uploads\/2018\/05\/IMG_0318-768x512.jpg 768w, http:\/\/portalcatolico.net\/portal\/wp-content\/uploads\/2018\/05\/IMG_0318-1024x683.jpg 1024w\" sizes=\"auto, (max-width: 730px) 100vw, 730px\" \/><\/p>\n<p>&nbsp;<\/p>\n","protected":false},"excerpt":{"rendered":"<p>A capital baiana recebeu, na manh\u00e3 de hoje (28), um presente: a reabertura da Capela S\u00e3o Pedro Gon\u00e7alves, popularmente conhecida como Igreja do Corpo Santo. Localizado no bairro do Com\u00e9rcio, pr\u00f3ximo ao Elevador Lacerda, o templo, embora permanecesse aberto, estava com as atividades suspensas h\u00e1 nove anos e, a&nbsp; partir de agora, completamente restaurado, volta&nbsp;<\/p>\n<p><a class=\"btn btn-style\" href=\"http:\/\/portalcatolico.net\/portal\/capela-do-corpo-santo-foi-reaberta-nesta-segunda-feira-28\/\">Continue Reading<\/a><\/p>\n","protected":false},"author":2,"featured_media":55839,"comment_status":"open","ping_status":"open","sticky":false,"template":"","format":"standard","meta":{"footnotes":""},"categories":[65],"tags":[],"class_list":["post-55838","post","type-post","status-publish","format-standard","has-post-thumbnail","hentry","category-entrevistas"],"_links":{"self":[{"href":"http:\/\/portalcatolico.net\/portal\/wp-json\/wp\/v2\/posts\/55838","targetHints":{"allow":["GET"]}}],"collection":[{"href":"http:\/\/portalcatolico.net\/portal\/wp-json\/wp\/v2\/posts"}],"about":[{"href":"http:\/\/portalcatolico.net\/portal\/wp-json\/wp\/v2\/types\/post"}],"author":[{"embeddable":true,"href":"http:\/\/portalcatolico.net\/portal\/wp-json\/wp\/v2\/users\/2"}],"replies":[{"embeddable":true,"href":"http:\/\/portalcatolico.net\/portal\/wp-json\/wp\/v2\/comments?post=55838"}],"version-history":[{"count":3,"href":"http:\/\/portalcatolico.net\/portal\/wp-json\/wp\/v2\/posts\/55838\/revisions"}],"predecessor-version":[{"id":55846,"href":"http:\/\/portalcatolico.net\/portal\/wp-json\/wp\/v2\/posts\/55838\/revisions\/55846"}],"wp:featuredmedia":[{"embeddable":true,"href":"http:\/\/portalcatolico.net\/portal\/wp-json\/wp\/v2\/media\/55839"}],"wp:attachment":[{"href":"http:\/\/portalcatolico.net\/portal\/wp-json\/wp\/v2\/media?parent=55838"}],"wp:term":[{"taxonomy":"category","embeddable":true,"href":"http:\/\/portalcatolico.net\/portal\/wp-json\/wp\/v2\/categories?post=55838"},{"taxonomy":"post_tag","embeddable":true,"href":"http:\/\/portalcatolico.net\/portal\/wp-json\/wp\/v2\/tags?post=55838"}],"curies":[{"name":"wp","href":"https:\/\/api.w.org\/{rel}","templated":true}]}}