{"id":55834,"date":"2018-05-30T16:13:20","date_gmt":"2018-05-30T19:13:20","guid":{"rendered":"http:\/\/portalcatolico.net\/portal\/?p=55834"},"modified":"2018-05-30T16:21:23","modified_gmt":"2018-05-30T19:21:23","slug":"fieis-participam-da-missa-e-da-procissao-de-corpus-christi","status":"publish","type":"post","link":"http:\/\/portalcatolico.net\/portal\/fieis-participam-da-missa-e-da-procissao-de-corpus-christi\/","title":{"rendered":"Fi\u00e9is participam da Missa e da prociss\u00e3o de Corpus Christi"},"content":{"rendered":"<p>No dia 31 de maio, a Igreja celebra a Solenidade do Sant\u00edssimo Corpo e Sangue de Nosso Senhor Jesus Cristo (Corpus Christi). Na Arquidiocese de Salvador, o Arcebispo de Salvador e Primaz do Brasil, Dom Murilo Krieger, presidir\u00e1 a Missa campal, \u00e0s 8h, em frente \u00e0 Igreja S\u00e3o Pedro dos Cl\u00e9rigos (Terreiro de Jesus). Logo ap\u00f3s a Celebra\u00e7\u00e3o Eucar\u00edstica, os fi\u00e9is sair\u00e3o em prociss\u00e3o com o Sant\u00edssimo Sacramento e seguir\u00e3o at\u00e9 a Pra\u00e7a do Campo Grande, onde haver\u00e1 a B\u00ean\u00e7\u00e3o com o Sant\u00edssimo.<\/p>\n<p>Ap\u00f3s a Celebra\u00e7\u00e3o Eucar\u00edstica, os fi\u00e9is sair\u00e3o em prociss\u00e3o do Centro Hist\u00f3rico, passando pela pra\u00e7a Municipal, rua Carlos Gomes, at\u00e9 a pra\u00e7a do Campo Grande, onde ser\u00e1 dada a b\u00ean\u00e7\u00e3o final. Durante todo o percurso, Dom Murilo carregar\u00e1 o ostens\u00f3rio com o Sant\u00edssimo Sacramento.<\/p>\n<p>Embora, neste dia, as par\u00f3quias da Arquidiocese contem com programa\u00e7\u00f5es pr\u00f3prias para celebrar a Solenidade de Corpus Christi, todas elas, os grupos, movimentos, pastorais, irmandades e associa\u00e7\u00f5es s\u00e3o convocados a participar da celebra\u00e7\u00e3o no centro da cidade, e a levar faixas e estandartes.<\/p>\n<p><strong>&nbsp;<\/strong><strong>Corpo e Sangue de Cristo<\/strong><\/p>\n<p>Originada no ano de 1243, em Li\u00e8ge, na B\u00e9lgica, quando a freira Juliana de Cornion teve vis\u00f5es de Cristo pedindo-lhe que a Eucaristia fosse celebrada com destaque, a Solenidade de Corpus Christi teve in\u00edcio somente no ano de 1264, por meio da bula&nbsp;<em>Transiturus de hoc mundo<\/em>, institu\u00edda pelo Papa Urbano IV. No ano de 1269, a solenidade foi oficialmente decretada. \u201cN\u00f3s, da Arquidiocese de S\u00e3o Salvador da Bahia, temos um compromisso especial com Jesus Eucar\u00edstico: esta foi a primeira cidade do Brasil a organizar e promover a solenidade de&nbsp;<em>Corpus Christi<\/em>. Aqui aconteceu, pela primeira vez em nosso pa\u00eds, a j\u00e1 tradicional prociss\u00e3o ligada a essa solenidade. Nossa cidade foi o altar onde Jesus, pela primeira vez, foi adorado solenemente!\u201d, afirma Dom Murilo.<\/p>\n<p>No Brasil, a primeira manifesta\u00e7\u00e3o p\u00fablica de louvores \u00e0 Eucaristia aconteceu na cidade de Salvador, no ano de 1549. De acordo com o calend\u00e1rio lit\u00fargico, a Solenidade de Corpus Christi acontece sempre na quinta-feira seguinte \u00e0 festa da Sant\u00edssima Trindade. Contudo, \u00e9 importante lembrar que o dia de comemora\u00e7\u00e3o do Sacramento da Eucaristia \u00e9 a Quinta-feira Santa, dia em que foi institu\u00edda, enquanto que a festa de Corpus Christi se constitui como uma reduplica\u00e7\u00e3o da mesma.<\/p>\n<p><em><strong>Por Sara Gomes<\/strong><\/em><\/p>\n<p><em><strong>Assessoria de Comunica\u00e7\u00e3o da Arquidiocese de Salvador<\/strong><\/em><\/p>\n","protected":false},"excerpt":{"rendered":"<p>No dia 31 de maio, a Igreja celebra a Solenidade do Sant\u00edssimo Corpo e Sangue de Nosso Senhor Jesus Cristo (Corpus Christi). Na Arquidiocese de Salvador, o Arcebispo de Salvador e Primaz do Brasil, Dom Murilo Krieger, presidir\u00e1 a Missa campal, \u00e0s 8h, em frente \u00e0 Igreja S\u00e3o Pedro dos Cl\u00e9rigos (Terreiro de Jesus). Logo&nbsp;<\/p>\n<p><a class=\"btn btn-style\" href=\"http:\/\/portalcatolico.net\/portal\/fieis-participam-da-missa-e-da-procissao-de-corpus-christi\/\">Continue Reading<\/a><\/p>\n","protected":false},"author":2,"featured_media":0,"comment_status":"open","ping_status":"open","sticky":false,"template":"","format":"standard","meta":{"footnotes":""},"categories":[1],"tags":[],"class_list":["post-55834","post","type-post","status-publish","format-standard","hentry","category-agenda"],"_links":{"self":[{"href":"http:\/\/portalcatolico.net\/portal\/wp-json\/wp\/v2\/posts\/55834","targetHints":{"allow":["GET"]}}],"collection":[{"href":"http:\/\/portalcatolico.net\/portal\/wp-json\/wp\/v2\/posts"}],"about":[{"href":"http:\/\/portalcatolico.net\/portal\/wp-json\/wp\/v2\/types\/post"}],"author":[{"embeddable":true,"href":"http:\/\/portalcatolico.net\/portal\/wp-json\/wp\/v2\/users\/2"}],"replies":[{"embeddable":true,"href":"http:\/\/portalcatolico.net\/portal\/wp-json\/wp\/v2\/comments?post=55834"}],"version-history":[{"count":1,"href":"http:\/\/portalcatolico.net\/portal\/wp-json\/wp\/v2\/posts\/55834\/revisions"}],"predecessor-version":[{"id":55836,"href":"http:\/\/portalcatolico.net\/portal\/wp-json\/wp\/v2\/posts\/55834\/revisions\/55836"}],"wp:attachment":[{"href":"http:\/\/portalcatolico.net\/portal\/wp-json\/wp\/v2\/media?parent=55834"}],"wp:term":[{"taxonomy":"category","embeddable":true,"href":"http:\/\/portalcatolico.net\/portal\/wp-json\/wp\/v2\/categories?post=55834"},{"taxonomy":"post_tag","embeddable":true,"href":"http:\/\/portalcatolico.net\/portal\/wp-json\/wp\/v2\/tags?post=55834"}],"curies":[{"name":"wp","href":"https:\/\/api.w.org\/{rel}","templated":true}]}}