{"id":55831,"date":"2018-05-30T13:11:19","date_gmt":"2018-05-30T16:11:19","guid":{"rendered":"http:\/\/portalcatolico.net\/portal\/?p=55831"},"modified":"2018-05-30T13:11:42","modified_gmt":"2018-05-30T16:11:42","slug":"concluida-fase-diocesana-do-processo-de-beatificacao-de-dom-luciano","status":"publish","type":"post","link":"http:\/\/portalcatolico.net\/portal\/concluida-fase-diocesana-do-processo-de-beatificacao-de-dom-luciano\/","title":{"rendered":"Conclu\u00edda Fase Diocesana do Processo de Beatifica\u00e7\u00e3o de Dom Luciano"},"content":{"rendered":"<div class=\"article__subTitle\">Dom Luciano Pedro Mendes de Almeida, quarto arcebispo de Mariana, faleceu no dia 27 de agosto de 2006, em S\u00e3o Paulo. Ao assumir a Arquidiocese de Mariana 10 meses depois, Dom Geraldo Lyrio Rocha, percebendo a fama de santidade de Dom Luciano e com o apoio de mais de trezentos bispos do episcopado nacional, deu in\u00edcio \u00e0 Causa.<\/div>\n<div class=\"title__separator\">&nbsp;<\/div>\n<div class=\"article__text\">\n<p>A Fase Diocesana do Processo de Beatifica\u00e7\u00e3o do Servo de Deus Dom Luciano Pedro Mendes de Almeida foi conclu\u00edda pelo Tribunal Eclesi\u00e1stico da Arquidiocese de Mariana no dia 21 de maio.&nbsp; Os trabalhos ultrapassam o n\u00famero de seis mil p\u00e1ginas, inclu\u00eddos os anexos. Os originais ficar\u00e3o arquivados e lacrados na Arquidiocese de Mariana e duas c\u00f3pias ser\u00e3o encaminhadas \u00e0 Santa S\u00e9.<\/p>\n<p>A Missa em A\u00e7\u00e3o de Gra\u00e7as ser\u00e1 celebrada no dia 15 de junho, \u00e0s 19h, no Santu\u00e1rio de Nossa Senhora do Carmo, em Mariana, que atualmente funciona como Catedral provis\u00f3ria,&nbsp; seguida da sess\u00e3o p\u00fablica com as formalidades can\u00f4nicas de encerramento da fase diocesana do Processo de Beatifica\u00e7\u00e3o.<\/p>\n<p>A celebra\u00e7\u00e3o contar\u00e1 com a presen\u00e7a de padres, di\u00e1conos, religiosos e religiosas, consagrados, seminaristas e fi\u00e9is leigos da Arquidiocese, al\u00e9m dos familiares, bispos, jesu\u00edtas, amigos e admiradores do Servo de Deus Dom Luciano.<\/p>\n<h2>Processo de Beatifica\u00e7\u00e3o<\/h2>\n<p>Dom Luciano Pedro Mendes de Almeida, quarto arcebispo de Mariana, faleceu no dia 27 de agosto de 2006, em S\u00e3o Paulo. Dom Geraldo Lyrio Rocha, que assumiu a Arquidiocese de Mariana 10 meses depois, percebendo, numa parte significativa do povo de Deus, os sinais de uma aut\u00eantica e difundida fama de santidade de Dom Luciano, depois de ouvir os devidos organismos de consulta da Arquidiocese, constatando a import\u00e2ncia eclesial da Causa, com o apoio de mais de trezentos bispos do episcopado nacional no encaminhamento da solicita\u00e7\u00e3o \u00e0 Santa S\u00e9, deu in\u00edcio \u00e0 Causa.<\/p>\n<p>De acordo com o postulador da fase diocesana, C\u00f4nego Lauro S\u00e9rgio Versiani Barbosa, compete ao bispo diocesano de onde morreu o Servo de Deus ou \u00e0quele bispo a quem Roma transfere a compet\u00eancia mediante autoriza\u00e7\u00e3o do Bispo competente, a sondagem acerca das virtudes dos servos e servas de Deus.&nbsp; \u201cEste foi o nosso caso: o Cardeal de S\u00e3o Paulo, onde morreu Dom Luciano, autorizou a transfer\u00eancia do Processo para a Arquidiocese de Mariana e a Congrega\u00e7\u00e3o para a Causa dos Santos, em Roma, assim o fez\u201d, explica.<\/p>\n<p>No dia 20 de maio de 2014, C\u00f4nego Lauro fez o pedido de introdu\u00e7\u00e3o da Causa de Beatifica\u00e7\u00e3o e Canoniza\u00e7\u00e3o do Servo de Deus Dom Luciano, depois de recolher a documenta\u00e7\u00e3o acerca da referida fama de santidade. Acolhendo favoravelmente o pedido do Postulador, Dom Geraldo publicou a not\u00edcia, iniciou o inqu\u00e9rito diocesano nomeando os oficiais: Delegado Episcopal, Promotor de Justi\u00e7a e Not\u00e1rios.<\/p>\n<p>A instala\u00e7\u00e3o do Tribunal composto tamb\u00e9m por estes oficiais aconteceu em sess\u00e3o p\u00fablica, no dia 27 de agosto de 2014, Catedral da S\u00e9, em Mariana. Para a fun\u00e7\u00e3o de Delegado Episcopal foi nomeado Monsenhor Roberto Natali Starlino; para Promotor de Justi\u00e7a, o Pe. Geovane Lu\u00eds da Silva (hoje Dom Geovane); para a fun\u00e7\u00e3o de Not\u00e1rio Atu\u00e1rio, o Pe. Edmar Jos\u00e9 da Silva e para a fun\u00e7\u00e3o de Not\u00e1ria Adjunta, Edite Reis da Paci\u00eancia.<\/p>\n<p>Dom Geraldo indicou como presidente da Comiss\u00e3o Hist\u00f3rica, formada por peritos em mat\u00e9ria hist\u00f3rica e arquiv\u00edstica, o Pe. Carlos Alberto Contieri, jesu\u00edta.<\/p>\n<h2>Sess\u00f5es<\/h2>\n<p>Depois da sess\u00e3o p\u00fablica de abertura dos trabalhos, foram celebradas mais de cinquenta sess\u00f5es para oitiva de mais de sessenta testemunhas, algumas indicadas pelo Postulador e outras convocadas ex officio.<\/p>\n<p>Foram indicados tamb\u00e9m censores teol\u00f3gicos para avalia\u00e7\u00e3o dos escritos do Servo de Deus, sobretudo os que foram publicados, quanto \u00e0 f\u00e9 e aos bons costumes.<\/p>\n<p>(Arquidiocese de Mariana \/ Departamento Arquidiocesano de Comunica\u00e7\u00e3o e Vatican News)<\/p>\n<\/div>\n","protected":false},"excerpt":{"rendered":"<p>Dom Luciano Pedro Mendes de Almeida, quarto arcebispo de Mariana, faleceu no dia 27 de agosto de 2006, em S\u00e3o Paulo. Ao assumir a Arquidiocese de Mariana 10 meses depois, Dom Geraldo Lyrio Rocha, percebendo a fama de santidade de Dom Luciano e com o apoio de mais de trezentos bispos do episcopado nacional, deu&nbsp;<\/p>\n<p><a class=\"btn btn-style\" href=\"http:\/\/portalcatolico.net\/portal\/concluida-fase-diocesana-do-processo-de-beatificacao-de-dom-luciano\/\">Continue Reading<\/a><\/p>\n","protected":false},"author":2,"featured_media":55832,"comment_status":"open","ping_status":"open","sticky":false,"template":"","format":"standard","meta":{"footnotes":""},"categories":[5],"tags":[],"class_list":["post-55831","post","type-post","status-publish","format-standard","has-post-thumbnail","hentry","category-igreja_no_mundo"],"_links":{"self":[{"href":"http:\/\/portalcatolico.net\/portal\/wp-json\/wp\/v2\/posts\/55831","targetHints":{"allow":["GET"]}}],"collection":[{"href":"http:\/\/portalcatolico.net\/portal\/wp-json\/wp\/v2\/posts"}],"about":[{"href":"http:\/\/portalcatolico.net\/portal\/wp-json\/wp\/v2\/types\/post"}],"author":[{"embeddable":true,"href":"http:\/\/portalcatolico.net\/portal\/wp-json\/wp\/v2\/users\/2"}],"replies":[{"embeddable":true,"href":"http:\/\/portalcatolico.net\/portal\/wp-json\/wp\/v2\/comments?post=55831"}],"version-history":[{"count":1,"href":"http:\/\/portalcatolico.net\/portal\/wp-json\/wp\/v2\/posts\/55831\/revisions"}],"predecessor-version":[{"id":55833,"href":"http:\/\/portalcatolico.net\/portal\/wp-json\/wp\/v2\/posts\/55831\/revisions\/55833"}],"wp:featuredmedia":[{"embeddable":true,"href":"http:\/\/portalcatolico.net\/portal\/wp-json\/wp\/v2\/media\/55832"}],"wp:attachment":[{"href":"http:\/\/portalcatolico.net\/portal\/wp-json\/wp\/v2\/media?parent=55831"}],"wp:term":[{"taxonomy":"category","embeddable":true,"href":"http:\/\/portalcatolico.net\/portal\/wp-json\/wp\/v2\/categories?post=55831"},{"taxonomy":"post_tag","embeddable":true,"href":"http:\/\/portalcatolico.net\/portal\/wp-json\/wp\/v2\/tags?post=55831"}],"curies":[{"name":"wp","href":"https:\/\/api.w.org\/{rel}","templated":true}]}}