{"id":55828,"date":"2018-05-30T13:06:50","date_gmt":"2018-05-30T16:06:50","guid":{"rendered":"http:\/\/portalcatolico.net\/portal\/?p=55828"},"modified":"2018-05-30T13:06:50","modified_gmt":"2018-05-30T16:06:50","slug":"nos-eua-brasileira-encontrou-na-virgem-aparecida-conforto-e-a-graca-da-maternidade","status":"publish","type":"post","link":"http:\/\/portalcatolico.net\/portal\/nos-eua-brasileira-encontrou-na-virgem-aparecida-conforto-e-a-graca-da-maternidade\/","title":{"rendered":"Nos EUA, brasileira encontrou na Virgem Aparecida conforto e a gra\u00e7a da maternidade"},"content":{"rendered":"<p>K\u00e1tia Scoz \u00e9 brasileira e h\u00e1 dez anos vive nos Estados Unidos; com a dist\u00e2ncia e a saudade da fam\u00edlia, encontrou em Nossa Senhora o conforto do seu cora\u00e7\u00e3o e a gra\u00e7a de se tornar m\u00e3e.<\/p>\n<p>Nascida em Lages (SC), no seio de uma fam\u00edlia cat\u00f3lica, K\u00e1tia contou que sempre testemunhou seus pais \u201cmuito ativos e engajados em muitas atividades\u201d da&nbsp;Igreja, al\u00e9m de ajudar em asilos e orfanatos. \u201cCom meus pais, aprendi que n\u00f3s somos os p\u00e9s e as m\u00e3os de Cristo, que n\u00f3s somos a Igreja, que a miss\u00e3o que nos \u00e9 dada no nosso&nbsp;Batismo&nbsp;\u00e9 de servir a Deus e ao Seu povo aqui na Terra\u201d.<\/p>\n<p>Entretanto, a sua rela\u00e7\u00e3o com a M\u00e3e de Deus come\u00e7ou a se desenvolver de maneira mais \u00edntima h\u00e1 dez anos, quando ela e o marido, Valmor Scoz, natural de Florian\u00f3polis (SC), se mudaram para a Fl\u00f3rida, Estados Unidos, devido a uma transfer\u00eancia de trabalho.<\/p>\n<p>\u201cPenso que a devo\u00e7\u00e3o nasceu de uma grande necessidade. Estando longe da minha fam\u00edlia, v\u00e1rios receios come\u00e7aram a invadir minha alma. Medos relacionados \u00e0 minha fam\u00edlia e a dist\u00e2ncia que eu estava dos meus entes queridos\u201d.<\/p>\n<p>Diante dessa situa\u00e7\u00e3o, recordou, \u201cpedia a intercess\u00e3o de&nbsp;Nossa Senhora Aparecida&nbsp;para proteger minha fam\u00edlia. Senti que aos poucos a saudade diminu\u00eda e minha f\u00e9 aumentava. Assim, comecei a confiar na prote\u00e7\u00e3o e na intercess\u00e3o de Nossa Senhora em todos os aspectos da minha&nbsp;vida\u201d.<\/p>\n<p>Foi em sua primeira viagem novamente ao Brasil que ela comprou a primeira imagem de Nossa Senhora Aparecida e colocou em um lugar de destaque em casa, ao retornar para os Estados Unidos. \u201cHoje, esta imagem foi substitu\u00edda por uma r\u00e9plica oficial de Nossa Senhora Aparecida\u201d, indicou, ressaltando ainda que \u201ccada quarto da casa conta com pelo menos uma imagem da M\u00e3e Aparecida\u201d.<\/p>\n<p>Al\u00e9m disso, ao entregar a sua fam\u00edlia nas m\u00e3os de Nossa Senhora, K\u00e1tia alcan\u00e7ou outra gra\u00e7a. Ap\u00f3s sofrer tr\u00eas abortos, pediu a intercess\u00e3o da&nbsp;Virgem Maria&nbsp;\u201cpara que, se fosse a vontade de Deus, que pudesse ter filhos\u201d.<\/p>\n<p>\u201cAqui nos Estados Unidos \u2013 lembrou \u2013 fiz exames e descobri que sofro de trombofilia. Logo que engravidei, apenas com seis semanas de gravidez, fui submetida a inje\u00e7\u00f5es di\u00e1rias que me permitiram levar a gravidez at\u00e9 o fim. Assim, nasceu Enzo, hoje com 6 anos, e dois anos depois nasceu Giovanna, hoje com 4 aninhos\u201d.<\/p>\n<p>Agora, esta devo\u00e7\u00e3o da m\u00e3e \u00e9 passada tamb\u00e9m aos filhos. \u201cAqui em casa, pedimos a intercess\u00e3o da Nossa Senhora nas nossas ora\u00e7\u00f5es di\u00e1rias que fazemos com as crian\u00e7as antes de dormir\u201d, contou.<\/p>\n<p>\u201cEnzo tem uma devo\u00e7\u00e3o especial por Nossa Senhora Aparecida. Lembro-me dele com uns dois ou tr\u00eas aninhos fazendo prociss\u00f5es e cantando pela casa com a imagem dela, teve tempos que dormia segurando a imagem\u201d.<\/p>\n<p>J\u00e1 na comunidade, K\u00e1tia disse que sua fam\u00edlia foi \u201caben\u00e7oada\u201d por encontrar nos Estados Unidos \u201cuma Igreja Cat\u00f3lica com missas todos os s\u00e1bados em portugu\u00eas\u201d, a Igreja de Saint Paul, na qual seu esposo \u00e9 sacrist\u00e3o, leitor e ministro da&nbsp;Eucaristia, e ela ajuda na tradu\u00e7\u00e3o semanal do boletim, coordena um minist\u00e9rio dos Cen\u00e1culos da Divina Miseric\u00f3rdia e tamb\u00e9m serve como ministra da Eucaristia.<\/p>\n<p>Nesta Igreja, relatou, \u201cNossa Senhora Aparecida \u00e9 homenageada em todas as Missas. Ela entra na prociss\u00e3o inicial e \u00e9 colocada em lugar de destaque em frente ao altar. No final de toda a&nbsp;Missa, ao som da m\u00fasica \u2018dai-nos a ben\u00e7\u00e3o, \u00f3 M\u00e3e querida, Nossa Senhora, Aparecida\u2019, uma fam\u00edlia \u00e9 chamada para lev\u00e1-la para casa e fica com a imagem por uma semana, devolvendo-a na frente do altar na prociss\u00e3o da pr\u00f3xima Missa\u201d.<\/p>\n<p>Para esta devota mariana, estes \u201cs\u00e3o atos de amor pela Nossa M\u00e3e Aparecida que faz com que os pequenos criem um elo de f\u00e9 com Ela e com a cultura do nosso Brasil\u201d.<\/p>\n<p>Al\u00e9m disso, diante de sua hist\u00f3ria com a Virgem Maria, K\u00e1tia incentiva todos a n\u00e3o terem \u201climita\u00e7\u00f5es em se entregar a Jesus atrav\u00e9s das m\u00e3os Maria\u201d. \u201cPensando assim, fiz a minha primeira Consagra\u00e7\u00e3o a Jesus atrav\u00e9s de Maria h\u00e1 cinco anos, compromisso que renovo a cada ano\u201d.<\/p>\n<p>Ela recordou que \u201cMaria tem muitas faces, para cada povo Ela se revela de um modo diferente\u201d e, \u201cpara n\u00f3s brasileiros, Nossa Senhora se revelou quebrada, resgatada em um rio\u201d.<\/p>\n<p>\u201cOs pescadores, por inspira\u00e7\u00e3o Divina, perceberam que n\u00e3o era uma est\u00e1tua qualquer, colocaram os dois peda\u00e7os juntos e eles se encaixaram. Nasceu ali a devo\u00e7\u00e3o do povo brasileiro pela M\u00e3e de Deus\u201d, pontuou, ao sublinhar ainda que, \u201cem 16 de maio de 1978, Nossa Senhora foi atacada e se quebrou em mais de 200 peda\u00e7os e novamente foi resgatada e pela gra\u00e7a de Deus voltou a ser inteira e com total esplendor\u201d.<\/p>\n<p>Para K\u00e1tia, \u201cassim acontece com todos n\u00f3s que nos entregamos nas m\u00e3os de Nossa Senhora, n\u00e3o importa qu\u00e3o dilacerados estamos, quantas faltas cometemos, qu\u00e3o afastados da gra\u00e7a de Deus estamos, atrav\u00e9s do seu cuidado e amor maternal podemos novamente nos tornarmos inteiros, Ela nos transforma e nos leva a Deus\u201d.<\/p>\n<p>\u201cNossa Senhora \u00e9 o caminho mais r\u00e1pido e seguro a Jesus. Nunca tenham medo de amar demais a M\u00e3e de Deus\u201d, concluiu.(ACI Digital)<\/p>\n<p>K\u00e1tia Scoz com o marido, Valmor, e os filhos Enzo e Giovanna \/ Foto: Cortesia K\u00e1tia Scoz<\/p>\n<p>Por Natalia Zimbr\u00e3o<\/p>\n","protected":false},"excerpt":{"rendered":"<p>K\u00e1tia Scoz \u00e9 brasileira e h\u00e1 dez anos vive nos Estados Unidos; com a dist\u00e2ncia e a saudade da fam\u00edlia, encontrou em Nossa Senhora o conforto do seu cora\u00e7\u00e3o e a gra\u00e7a de se tornar m\u00e3e. Nascida em Lages (SC), no seio de uma fam\u00edlia cat\u00f3lica, K\u00e1tia contou que sempre testemunhou seus pais \u201cmuito ativos&nbsp;<\/p>\n<p><a class=\"btn btn-style\" href=\"http:\/\/portalcatolico.net\/portal\/nos-eua-brasileira-encontrou-na-virgem-aparecida-conforto-e-a-graca-da-maternidade\/\">Continue Reading<\/a><\/p>\n","protected":false},"author":2,"featured_media":55829,"comment_status":"open","ping_status":"open","sticky":false,"template":"","format":"standard","meta":{"footnotes":""},"categories":[70],"tags":[],"class_list":["post-55828","post","type-post","status-publish","format-standard","has-post-thumbnail","hentry","category-testemunhos"],"_links":{"self":[{"href":"http:\/\/portalcatolico.net\/portal\/wp-json\/wp\/v2\/posts\/55828","targetHints":{"allow":["GET"]}}],"collection":[{"href":"http:\/\/portalcatolico.net\/portal\/wp-json\/wp\/v2\/posts"}],"about":[{"href":"http:\/\/portalcatolico.net\/portal\/wp-json\/wp\/v2\/types\/post"}],"author":[{"embeddable":true,"href":"http:\/\/portalcatolico.net\/portal\/wp-json\/wp\/v2\/users\/2"}],"replies":[{"embeddable":true,"href":"http:\/\/portalcatolico.net\/portal\/wp-json\/wp\/v2\/comments?post=55828"}],"version-history":[{"count":1,"href":"http:\/\/portalcatolico.net\/portal\/wp-json\/wp\/v2\/posts\/55828\/revisions"}],"predecessor-version":[{"id":55830,"href":"http:\/\/portalcatolico.net\/portal\/wp-json\/wp\/v2\/posts\/55828\/revisions\/55830"}],"wp:featuredmedia":[{"embeddable":true,"href":"http:\/\/portalcatolico.net\/portal\/wp-json\/wp\/v2\/media\/55829"}],"wp:attachment":[{"href":"http:\/\/portalcatolico.net\/portal\/wp-json\/wp\/v2\/media?parent=55828"}],"wp:term":[{"taxonomy":"category","embeddable":true,"href":"http:\/\/portalcatolico.net\/portal\/wp-json\/wp\/v2\/categories?post=55828"},{"taxonomy":"post_tag","embeddable":true,"href":"http:\/\/portalcatolico.net\/portal\/wp-json\/wp\/v2\/tags?post=55828"}],"curies":[{"name":"wp","href":"https:\/\/api.w.org\/{rel}","templated":true}]}}