{"id":55819,"date":"2018-05-28T12:00:07","date_gmt":"2018-05-28T15:00:07","guid":{"rendered":"http:\/\/portalcatolico.net\/portal\/?p=55819"},"modified":"2018-05-29T22:11:24","modified_gmt":"2018-05-30T01:11:24","slug":"paroquia-sao-jose-una-ba","status":"publish","type":"post","link":"http:\/\/portalcatolico.net\/portal\/paroquia-sao-jose-una-ba\/","title":{"rendered":"UNA: Cat\u00f3licos de Una participam de Solenidade da Santissima Trindade"},"content":{"rendered":"<p>&nbsp;Na noite do dia 27.05 a comunidade Cat\u00f3lica da Igreja Matriz S\u00e3o Jos\u00e9 (Una\/BA) participou da Solenidade da Santissima Trindade (Pai, Filho e Esp\u00edrito Santo).<br \/>\nEm toda liturgia, rendemos \u00e0 Sant\u00edssima Trindade a Gl\u00f3ria, a honra e o louvor. E tamb\u00e9m a a\u00e7\u00e3o de gra\u00e7as, porque \u00e9 pela obra das &#8230;LEIA MAIS.&nbsp; &nbsp;<a href=\"http:\/\/www.paroquiadesaojoseunaba.com.br\">http:\/\/www.paroquiadesaojoseunaba.com.br<\/a>&nbsp; &nbsp;&nbsp;<\/p>\n","protected":false},"excerpt":{"rendered":"<p>&nbsp;Na noite do dia 27.05 a comunidade Cat\u00f3lica da Igreja Matriz S\u00e3o Jos\u00e9 (Una\/BA) participou da Solenidade da Santissima Trindade (Pai, Filho e Esp\u00edrito Santo). Em toda liturgia, rendemos \u00e0 Sant\u00edssima Trindade a Gl\u00f3ria, a honra e o louvor. E tamb\u00e9m a a\u00e7\u00e3o de gra\u00e7as, porque \u00e9 pela obra das &#8230;LEIA MAIS.&nbsp; &nbsp;http:\/\/www.paroquiadesaojoseunaba.com.br&nbsp; &nbsp;&nbsp;<\/p>\n","protected":false},"author":2,"featured_media":55820,"comment_status":"open","ping_status":"open","sticky":false,"template":"","format":"standard","meta":{"footnotes":""},"categories":[1],"tags":[],"class_list":["post-55819","post","type-post","status-publish","format-standard","has-post-thumbnail","hentry","category-agenda"],"_links":{"self":[{"href":"http:\/\/portalcatolico.net\/portal\/wp-json\/wp\/v2\/posts\/55819","targetHints":{"allow":["GET"]}}],"collection":[{"href":"http:\/\/portalcatolico.net\/portal\/wp-json\/wp\/v2\/posts"}],"about":[{"href":"http:\/\/portalcatolico.net\/portal\/wp-json\/wp\/v2\/types\/post"}],"author":[{"embeddable":true,"href":"http:\/\/portalcatolico.net\/portal\/wp-json\/wp\/v2\/users\/2"}],"replies":[{"embeddable":true,"href":"http:\/\/portalcatolico.net\/portal\/wp-json\/wp\/v2\/comments?post=55819"}],"version-history":[{"count":7,"href":"http:\/\/portalcatolico.net\/portal\/wp-json\/wp\/v2\/posts\/55819\/revisions"}],"predecessor-version":[{"id":55827,"href":"http:\/\/portalcatolico.net\/portal\/wp-json\/wp\/v2\/posts\/55819\/revisions\/55827"}],"wp:featuredmedia":[{"embeddable":true,"href":"http:\/\/portalcatolico.net\/portal\/wp-json\/wp\/v2\/media\/55820"}],"wp:attachment":[{"href":"http:\/\/portalcatolico.net\/portal\/wp-json\/wp\/v2\/media?parent=55819"}],"wp:term":[{"taxonomy":"category","embeddable":true,"href":"http:\/\/portalcatolico.net\/portal\/wp-json\/wp\/v2\/categories?post=55819"},{"taxonomy":"post_tag","embeddable":true,"href":"http:\/\/portalcatolico.net\/portal\/wp-json\/wp\/v2\/tags?post=55819"}],"curies":[{"name":"wp","href":"https:\/\/api.w.org\/{rel}","templated":true}]}}