{"id":55816,"date":"2018-05-29T21:49:03","date_gmt":"2018-05-30T00:49:03","guid":{"rendered":"http:\/\/portalcatolico.net\/portal\/?p=55816"},"modified":"2018-05-29T21:49:03","modified_gmt":"2018-05-30T00:49:03","slug":"com-profundo-pesar-arquidiocese-de-aracaju-comunica-o-falecimento-de-dom-luciano-jose-cabral-duarte","status":"publish","type":"post","link":"http:\/\/portalcatolico.net\/portal\/com-profundo-pesar-arquidiocese-de-aracaju-comunica-o-falecimento-de-dom-luciano-jose-cabral-duarte\/","title":{"rendered":"Com profundo pesar, Arquidiocese de Aracaju comunica o falecimento de Dom Luciano Jos\u00e9 Cabral Duarte"},"content":{"rendered":"<p>O Arcebispo Metropolitano de Aracaju, Dom Jo\u00e3o Jos\u00e9 Costa, comunica com profundo pesar o falecimento, na tarde desta ter\u00e7a-feira, 29, do Arcebispo Em\u00e9rito, Dom Luciano Jos\u00e9 Cabral Duarte, que em janeiro deste ano celebrou 93 anos de idade e 70 anos de sacerd\u00f3cio. Ele padecia com um Alzheimer h\u00e1 v\u00e1rios anos. Filho ilustre de Sergipe, incans\u00e1vel pastor, com vida doada \u00e0 Igreja de Jesus Cristo, Dom Luciano foi o segundo Bispo Auxiliar (1966-1970), segundo Arcebispo Metropolitano (1971-1998) e adotou o lema episcopal \u201cScio cui credidi\u201d (Sei em quem acreditei).<\/p>\n<p>O corpo ser\u00e1 velado a partir das 19h na par\u00f3quia Jesus Ressuscitado (bairro Jardins), onde ser\u00e3o celebradas cinco missas: hoje, \u00e0s 20h e 22h, e amanh\u00e3 (quarta), \u00e0s 7h, 9h, 11h e 14h. &nbsp;Ap\u00f3s a \u00faltima celebra\u00e7\u00e3o o corpo ser\u00e1 trasladado para a Igreja S\u00e3o Salvador, local do sepultamento.<\/p>\n<p>A Arquidiocese de Aracaju e todo o povo de Deus est\u00e3o unidos em ora\u00e7\u00e3o pela P\u00e1scoa de Dom Luciano, ao tempo em que se solidarizem com a fam\u00edlia pranteada.<\/p>\n<p><em>Com informa\u00e7\u00f5es da Arquidiocese de Aracaju<\/em><\/p>\n","protected":false},"excerpt":{"rendered":"<p>O Arcebispo Metropolitano de Aracaju, Dom Jo\u00e3o Jos\u00e9 Costa, comunica com profundo pesar o falecimento, na tarde desta ter\u00e7a-feira, 29, do Arcebispo Em\u00e9rito, Dom Luciano Jos\u00e9 Cabral Duarte, que em janeiro deste ano celebrou 93 anos de idade e 70 anos de sacerd\u00f3cio. Ele padecia com um Alzheimer h\u00e1 v\u00e1rios anos. Filho ilustre de Sergipe,&nbsp;<\/p>\n<p><a class=\"btn btn-style\" href=\"http:\/\/portalcatolico.net\/portal\/com-profundo-pesar-arquidiocese-de-aracaju-comunica-o-falecimento-de-dom-luciano-jose-cabral-duarte\/\">Continue Reading<\/a><\/p>\n","protected":false},"author":2,"featured_media":55817,"comment_status":"open","ping_status":"open","sticky":false,"template":"","format":"standard","meta":{"footnotes":""},"categories":[3],"tags":[],"class_list":["post-55816","post","type-post","status-publish","format-standard","has-post-thumbnail","hentry","category-noticias_regionais"],"_links":{"self":[{"href":"http:\/\/portalcatolico.net\/portal\/wp-json\/wp\/v2\/posts\/55816","targetHints":{"allow":["GET"]}}],"collection":[{"href":"http:\/\/portalcatolico.net\/portal\/wp-json\/wp\/v2\/posts"}],"about":[{"href":"http:\/\/portalcatolico.net\/portal\/wp-json\/wp\/v2\/types\/post"}],"author":[{"embeddable":true,"href":"http:\/\/portalcatolico.net\/portal\/wp-json\/wp\/v2\/users\/2"}],"replies":[{"embeddable":true,"href":"http:\/\/portalcatolico.net\/portal\/wp-json\/wp\/v2\/comments?post=55816"}],"version-history":[{"count":1,"href":"http:\/\/portalcatolico.net\/portal\/wp-json\/wp\/v2\/posts\/55816\/revisions"}],"predecessor-version":[{"id":55818,"href":"http:\/\/portalcatolico.net\/portal\/wp-json\/wp\/v2\/posts\/55816\/revisions\/55818"}],"wp:featuredmedia":[{"embeddable":true,"href":"http:\/\/portalcatolico.net\/portal\/wp-json\/wp\/v2\/media\/55817"}],"wp:attachment":[{"href":"http:\/\/portalcatolico.net\/portal\/wp-json\/wp\/v2\/media?parent=55816"}],"wp:term":[{"taxonomy":"category","embeddable":true,"href":"http:\/\/portalcatolico.net\/portal\/wp-json\/wp\/v2\/categories?post=55816"},{"taxonomy":"post_tag","embeddable":true,"href":"http:\/\/portalcatolico.net\/portal\/wp-json\/wp\/v2\/tags?post=55816"}],"curies":[{"name":"wp","href":"https:\/\/api.w.org\/{rel}","templated":true}]}}