{"id":55812,"date":"2018-05-29T21:40:29","date_gmt":"2018-05-30T00:40:29","guid":{"rendered":"http:\/\/portalcatolico.net\/portal\/?p=55812"},"modified":"2018-05-29T21:40:29","modified_gmt":"2018-05-30T00:40:29","slug":"papa-francisco-explica-como-alcancar-a-santidade-na-vida-cotidiana","status":"publish","type":"post","link":"http:\/\/portalcatolico.net\/portal\/papa-francisco-explica-como-alcancar-a-santidade-na-vida-cotidiana\/","title":{"rendered":"Papa Francisco explica como alcan\u00e7ar a santidade na vida cotidiana"},"content":{"rendered":"<p>Durante a&nbsp;Missa&nbsp;celebrada na Casa Santa Marta na manh\u00e3 de hoje, o Papa Francisco explicou o em que consiste a santidade e como alcan\u00e7\u00e1-la.<\/p>\n<p>\u201cO chamado \u00e0 santidade, que \u00e9 o chamado normal, \u00e9 o chamado a viver como crist\u00e3o, isto \u00e9, viver como crist\u00e3o \u00e9 o mesmo que dizer \u2018viver como santo\u2019. Tantas vezes n\u00f3s pensamos na santidade como algo extraordin\u00e1rio, como ter vis\u00f5es ou ora\u00e7\u00f5es elevad\u00edssimas. Alguns pensam que ser santo significa ter uma cara de santinho. N\u00e3o! Ser santos \u00e9 outra coisa\u201d.<\/p>\n<p>O Pont\u00edfice se perguntou: \u201cO que \u00e9 caminhar na santidade? E Pedro diz: \u2018ponde toda a vossa esperan\u00e7a na gra\u00e7a que vos ser\u00e1 oferecida na revela\u00e7\u00e3o de Jesus Cristo\u2019\u201d.<\/p>\n<p>Portanto, \u201ccaminhar para a santidade consiste no caminhar para aquela gra\u00e7a que vem ao encontro, caminhar para a esperan\u00e7a, estar em tens\u00e3o rumo ao encontro com Jesus Cristo\u201d.<\/p>\n<p>O Papa disse que \u00e9 como quando se caminha em dire\u00e7\u00e3o \u00e0 luz e tantas vezes n\u00e3o se v\u00ea bem o caminho porque a luz nos ofusca: \u201cMas n\u00e3o erramos porque vemos a luz e conhecemos o caminho\u201d.<\/p>\n<p>Quando, ao contr\u00e1rio, \u201cse caminha com a luz nas costas, se v\u00ea bem a estrada, mas na realidade, diante de n\u00f3s existe a sombra, n\u00e3o luz\u201d.<\/p>\n<p>Para caminhar para a santidade, continuou o Pont\u00edfice, \u201c\u00e9 necess\u00e1rio ser livres e sentir-se livres\u201d. Neste sentido, advertiu que \u201cexistem tantas coisas que escravizam\u201d. Por isso, Pedro \u201cexorta a n\u00e3o se conformar aos desejos do tempo da vossa ignor\u00e2ncia\u201d.<\/p>\n<p>Tamb\u00e9m Paulo na Primeira Carta aos Romanos \u201crecomenda n\u00e3o cair nos esquemas do mundo, no modo de pensar e de julgar que o mundo oferece a voc\u00ea, porque isso tira sua liberdade. E para andar na santidade, devemos ser livres: a liberdade de andar olhando a luz, de seguir em frente. E quando voltamos, como diz aqui, ao modo de viver que t\u00ednhamos antes do encontro com Jesus Cristo ou quando n\u00f3s voltamos aos padr\u00f5es do mundo, perdemos a liberdade\u201d.<\/p>\n<p>Al\u00e9m disso, recordou que no livro do \u00caxodo vemos, de fato, como tantas vezes o povo de Deus n\u00e3o quis olhar para frente, para a salva\u00e7\u00e3o, mas voltar para tr\u00e1s. \u201cLamentavam-se e imaginavam a bela&nbsp;vida&nbsp;que passavam no Egito, onde comiam cebolas e carne. Nos momentos de dificuldade, o povo volta atr\u00e1s. Perde a liberdade. \u00c9 verdade que comiam coisas boas, mas na mesa da escravid\u00e3o\u201d.<\/p>\n<p>\u201cNos momentos de prova\u00e7\u00e3o, sempre temos a tenta\u00e7\u00e3o de olhar para tr\u00e1s, de olhar para os esquemas do mundo, para os padr\u00f5es que t\u00ednhamos antes de iniciar o caminho da salva\u00e7\u00e3o: sem liberdade. E sem liberdade n\u00e3o se pode ser santos. A liberdade \u00e9 a condi\u00e7\u00e3o para poder caminhar olhando a luz \u00e0 frente\u201d.<\/p>\n<p>Francisco animou a \u201cn\u00e3o entrar nos esquemas da mundanidade. \u00c9 necess\u00e1rio caminhar em frente, olhando para a luz que \u00e9 a promessa, na esperan\u00e7a\u201d.<\/p>\n<p>Finalmente, o Santo Padre recordou que o Senhor \u201cchama \u00e0 santidade de todos os dias\u201d e assinalou dois par\u00e2metros para comprovar se est\u00e1 avan\u00e7ando para a santidade: \u201cantes de tudo, se olhamos para a luz do Senhor na esperan\u00e7a de encontr\u00e1-lo e depois se, quando chegam as prova\u00e7\u00f5es, olhamos em frente e n\u00e3o perdemos a liberdade, refugiando-nos nos esquemas mundanos\u201d.(ACI Digital)<\/p>\n<p>Papa durante a Missa na Casa Santa Marta. Foto: Vatican Media<\/p>\n","protected":false},"excerpt":{"rendered":"<p>Durante a&nbsp;Missa&nbsp;celebrada na Casa Santa Marta na manh\u00e3 de hoje, o Papa Francisco explicou o em que consiste a santidade e como alcan\u00e7\u00e1-la. \u201cO chamado \u00e0 santidade, que \u00e9 o chamado normal, \u00e9 o chamado a viver como crist\u00e3o, isto \u00e9, viver como crist\u00e3o \u00e9 o mesmo que dizer \u2018viver como santo\u2019. Tantas vezes n\u00f3s&nbsp;<\/p>\n<p><a class=\"btn btn-style\" href=\"http:\/\/portalcatolico.net\/portal\/papa-francisco-explica-como-alcancar-a-santidade-na-vida-cotidiana\/\">Continue Reading<\/a><\/p>\n","protected":false},"author":2,"featured_media":55813,"comment_status":"open","ping_status":"open","sticky":false,"template":"","format":"standard","meta":{"footnotes":""},"categories":[5],"tags":[],"class_list":["post-55812","post","type-post","status-publish","format-standard","has-post-thumbnail","hentry","category-igreja_no_mundo"],"_links":{"self":[{"href":"http:\/\/portalcatolico.net\/portal\/wp-json\/wp\/v2\/posts\/55812","targetHints":{"allow":["GET"]}}],"collection":[{"href":"http:\/\/portalcatolico.net\/portal\/wp-json\/wp\/v2\/posts"}],"about":[{"href":"http:\/\/portalcatolico.net\/portal\/wp-json\/wp\/v2\/types\/post"}],"author":[{"embeddable":true,"href":"http:\/\/portalcatolico.net\/portal\/wp-json\/wp\/v2\/users\/2"}],"replies":[{"embeddable":true,"href":"http:\/\/portalcatolico.net\/portal\/wp-json\/wp\/v2\/comments?post=55812"}],"version-history":[{"count":1,"href":"http:\/\/portalcatolico.net\/portal\/wp-json\/wp\/v2\/posts\/55812\/revisions"}],"predecessor-version":[{"id":55814,"href":"http:\/\/portalcatolico.net\/portal\/wp-json\/wp\/v2\/posts\/55812\/revisions\/55814"}],"wp:featuredmedia":[{"embeddable":true,"href":"http:\/\/portalcatolico.net\/portal\/wp-json\/wp\/v2\/media\/55813"}],"wp:attachment":[{"href":"http:\/\/portalcatolico.net\/portal\/wp-json\/wp\/v2\/media?parent=55812"}],"wp:term":[{"taxonomy":"category","embeddable":true,"href":"http:\/\/portalcatolico.net\/portal\/wp-json\/wp\/v2\/categories?post=55812"},{"taxonomy":"post_tag","embeddable":true,"href":"http:\/\/portalcatolico.net\/portal\/wp-json\/wp\/v2\/tags?post=55812"}],"curies":[{"name":"wp","href":"https:\/\/api.w.org\/{rel}","templated":true}]}}