{"id":55808,"date":"2018-05-28T18:33:11","date_gmt":"2018-05-28T21:33:11","guid":{"rendered":"http:\/\/portalcatolico.net\/portal\/?p=55808"},"modified":"2018-05-28T18:33:54","modified_gmt":"2018-05-28T21:33:54","slug":"paroquia-de-itajuipe-prepara-festejos-em-homenagem-ao-sagrado-coracao-de-jesus","status":"publish","type":"post","link":"http:\/\/portalcatolico.net\/portal\/paroquia-de-itajuipe-prepara-festejos-em-homenagem-ao-sagrado-coracao-de-jesus\/","title":{"rendered":"Par\u00f3quia de Itaju\u00edpe prepara festejos em homenagem ao Sagrado Cora\u00e7\u00e3o de Jesus"},"content":{"rendered":"<p class=\"m_-4175814447350308149xgmail-msonospacing\">A Par\u00f3quia do Sagrado Cora\u00e7\u00e3o de Jesus, na cidade de Itaju\u00edpe (BA), que comp\u00f5e a Diocese de Ilh\u00e9us, d\u00e1 in\u00edcio \u00e0s comemora\u00e7\u00f5es em homenagem ao padroeiro da cidade de Itaju\u00edpe, nesta quarta-feira, 30 de maio. A&nbsp;&nbsp;Festa do Sagrado Cora\u00e7\u00e3o de Jesus acontecer\u00e1 no dia 8 de junho. At\u00e9 l\u00e1, diversos acontecimentos marcar\u00e3o as comemora\u00e7\u00f5es dos fieis. O&nbsp;tema&nbsp;&nbsp;central da Festa \u00e9:&nbsp;&nbsp;\u201cCrist\u00e3os Leigos e Leigas a Servi\u00e7o do Reino Sal da Terra e Luz do Mundo.\u201d<em>&nbsp;Tema este, em comunh\u00e3o com a igrejas de todo o Brasil, que est\u00e3o celebrando o Ana Nacional do Laicato.<u><\/u><u><\/u><\/em><\/p>\n<p class=\"m_-4175814447350308149xgmail-msonospacing\"><em><u><\/u>&nbsp;<u><\/u><\/em><\/p>\n<p class=\"m_-4175814447350308149xgmail-msonospacing\"><em>A programa\u00e7\u00e3o religiosa tem in\u00edcio todos os dias com a celebra\u00e7\u00e3o Eucar\u00edstica sempre \u00e0s 19h. Vale ressaltar que a par\u00f3quia tem como p\u00e1roco, o Pe. Edson Hagge Leandro. Confira abaixo a programa\u00e7\u00e3o completa!<\/em><u><\/u><u><\/u><\/p>\n<p class=\"m_-4175814447350308149xmsonormal\"><em>&nbsp;<\/em><u><\/u><u><\/u><\/p>\n<p class=\"m_-4175814447350308149xmsonormal\"><em><b>Coroa\u00e7\u00e3o de Nossa Senhora<\/b><\/em><u><\/u><u><\/u><\/p>\n<p class=\"m_-4175814447350308149xmsonormal\"><em>O noven\u00e1rio ter\u00e1 in\u00edcio no dia 30, \u00e0s 19h, com a Coroa\u00e7\u00e3o de Nossa Senhora e a inaugura\u00e7\u00e3o do Jardim de Aparecida.<\/em><u><\/u><u><\/u><\/p>\n<p class=\"m_-4175814447350308149xgmail-msonospacing\"><em><b>30.05- Quarta-feira-19h<\/b><\/em><u><\/u><u><\/u><\/p>\n<p class=\"m_-4175814447350308149xgmail-msonospacing\"><em>Coroa\u00e7\u00e3o de Nossa Senhora e Inaugura\u00e7\u00e3o do Jardim de Aparecida.<\/em><u><\/u><u><\/u><\/p>\n<p class=\"m_-4175814447350308149xgmail-msonospacing\"><em>Subtema da noite: \u201cLeigos e Leigas: a exemplo de Maria, a primeira crist\u00e3.\u201d<\/em><u><\/u><u><\/u><\/p>\n<p class=\"m_-4175814447350308149xgmail-msonospacing\"><em>Convidados: Comunidades de S\u00e3o Francisco de Assis e Nossa Senhora Aparecida.<\/em><u><\/u><u><\/u><\/p>\n<p class=\"m_-4175814447350308149xgmail-msonospacing\"><em>Decora\u00e7\u00e3o: Marcos Willian e Raul Estrela<\/em><u><\/u><u><\/u><\/p>\n<p class=\"m_-4175814447350308149xgmail-msonospacing\"><em>Anima\u00e7\u00e3o: Ter\u00e7o dos Homens e Evangeliza\u00e7\u00e3o Masculina<\/em><u><\/u><u><\/u><\/p>\n<p class=\"m_-4175814447350308149xgmail-msonospacing\"><em>Noveninha das Crian\u00e7as: Pastoral da Catequese<\/em><u><\/u><u><\/u><\/p>\n<p class=\"m_-4175814447350308149xgmail-msonospacing\"><em>Quermesse: Salgadinhos. (Apostolada da Ora\u00e7\u00e3o e Mission\u00e1rios de Santa Terezinha)<u><\/u><u><\/u><\/em><\/p>\n<p class=\"m_-4175814447350308149xgmail-msonospacing\"><u><\/u>&nbsp;<u><\/u><u><\/u><u><\/u><em><b>31.05-Quinta-feira-19h<\/b><\/em><u><\/u><u><\/u><\/p>\n<p class=\"m_-4175814447350308149xgmail-msonospacing\"><em>Solenidade do Sant\u00edssimo Corpo e Sangue de Cristo &#8211; Corpus Christi<\/em><u><\/u><u><\/u><\/p>\n<p class=\"m_-4175814447350308149xgmail-msonospacing\"><em>9h: Missa Solene<u><\/u><u><\/u><\/em><\/p>\n<p class=\"m_-4175814447350308149xgmail-msonospacing\"><em>11h a 17h: Adora\u00e7\u00e3o<u><\/u><u><\/u><\/em><\/p>\n<p class=\"m_-4175814447350308149xgmail-msonospacing\"><em>17h-Prociss\u00e3o Eucar\u00edstica e B\u00ean\u00e7\u00e3o.<\/em><u><\/u><u><\/u><\/p>\n<p class=\"m_-4175814447350308149xgmail-msonospacing\"><em>Subtema: \u201cLeigos e Leigas, alimentados pela Eucaristia, chamados&nbsp;&nbsp;\u00e1 vivencia de Reino\u201d.<u><\/u><u><\/u><\/em><\/p>\n<p class=\"m_-4175814447350308149xgmail-msonospacing\"><em>Convidados: Comunidades: S\u00e3o Crist\u00f3v\u00e3o, Divino Espirito Santo, Nossa Senhora da Concei\u00e7\u00e3o e S\u00e3o Jos\u00e9 Oper\u00e1rio.<\/em><u><\/u><u><\/u><\/p>\n<p class=\"m_-4175814447350308149xgmail-msonospacing\"><em>Decora\u00e7\u00e3o da tenda Eucar\u00edstica: Paulo Roberto (Paulete)<\/em><u><\/u><u><\/u><\/p>\n<p class=\"m_-4175814447350308149xgmail-msonospacing\"><em>Anima\u00e7\u00e3o: Ministros Extraordin\u00e1rios da Comunh\u00e3o Eucar\u00edstica (MECE)<\/em><u><\/u><u><\/u><\/p>\n<p class=\"m_-4175814447350308149xgmail-msonospacing\"><em>Noveninha da Crian\u00e7as: Juventude Franciscana (JUFRA)&nbsp;<\/em><u><\/u><u><\/u><\/p>\n<p class=\"m_-4175814447350308149xgmail-msonospacing\"><em>Quermesse: Tortas Doces e Salgadas (Comunidade dos Distritos e Comunidade S\u00e3o Crist\u00f3v\u00e3o)<\/em><u><\/u><u><\/u><\/p>\n<p class=\"m_-4175814447350308149xgmail-msonospacing\"><em>&nbsp;&nbsp;<\/em><u><\/u><u><\/u><\/p>\n<p class=\"m_-4175814447350308149xgmail-msonospacing\"><em><b>01.06-Sexta-feira-19h<\/b><\/em><u><\/u><u><\/u><\/p>\n<p class=\"m_-4175814447350308149xgmail-msonospacing\"><em>Festa do Apostolado da Ora\u00e7\u00e3o<\/em><u><\/u><u><\/u><\/p>\n<p class=\"m_-4175814447350308149xgmail-msonospacing\"><em>Subtema: \u201cLeigos&nbsp;&nbsp;e Leigas: chamado \u00e0 santidade a semelhan\u00e7a do Cora\u00e7\u00e3o de Jesus.\u201d<\/em><u><\/u><u><\/u><\/p>\n<p class=\"m_-4175814447350308149xgmail-msonospacing\"><em>Convidado: Comunidade Santa Rita de C\u00e1ssia<\/em><u><\/u><u><\/u><\/p>\n<p class=\"m_-4175814447350308149xgmail-msonospacing\"><em>Anima\u00e7\u00e3o: Apostolado da Ora\u00e7\u00e3o e Mae Peregrina<\/em><u><\/u><u><\/u><\/p>\n<p class=\"m_-4175814447350308149xgmail-msonospacing\"><em>Noveninha das Crian\u00e7as: Pastoral do Dizimo e Pastoral Familiar<\/em><u><\/u><u><\/u><\/p>\n<p class=\"m_-4175814447350308149xgmail-msonospacing\"><em>Quermesse: Sarapatel, Caldo e Mingau (Ordem Franciscana Secular \u2013OFS e Comunidade S\u00e3o Francisco)<\/em><u><\/u><u><\/u><\/p>\n<p class=\"m_-4175814447350308149xgmail-msonospacing\"><em>&nbsp;<\/em><u><\/u><u><\/u><\/p>\n<p class=\"m_-4175814447350308149xgmail-msonospacing\"><em><b>02.06- s\u00e1bado-19h<\/b><\/em><u><\/u><u><\/u><\/p>\n<p class=\"m_-4175814447350308149xgmail-msonospacing\"><em>Missa Sertaneja<\/em><u><\/u><u><\/u><\/p>\n<p class=\"m_-4175814447350308149xgmail-msonospacing\"><em>06h30-Missa Sertaneja \u2013 central de Abastecimento<\/em><u><\/u><u><\/u><\/p>\n<p class=\"m_-4175814447350308149xgmail-msonospacing\"><em>Decora\u00e7\u00e3o: Marcos Willian e EJC<\/em><u><\/u><u><\/u><\/p>\n<p class=\"m_-4175814447350308149xgmail-msonospacing\"><em>Convidados: Comunidade das Fazendas (Fam\u00edlias e Trabalhadores da Zona Rural)<\/em><u><\/u><u><\/u><\/p>\n<p class=\"m_-4175814447350308149xgmail-msonospacing\"><em>Quermesse da manh\u00e3: Mingau, Arroz Doce e Mungunz\u00e1 (Pastoral Familiar)<u><\/u><u><\/u><\/em><\/p>\n<p class=\"m_-4175814447350308149xgmail-msonospacing\"><u><\/u>&nbsp;<u><\/u><\/p>\n<p class=\"m_-4175814447350308149xgmail-msonospacing\"><em>19h-Novena na Igreja Matriz<\/em><u><\/u><u><\/u><\/p>\n<p class=\"m_-4175814447350308149xgmail-msonospacing\"><em>Subtema: \u201cLeigos e Leigas: Instru\u00eddos pela Palavra e enviados em Miss\u00e3o\u201d.<\/em><u><\/u><u><\/u><\/p>\n<p class=\"m_-4175814447350308149xgmail-msonospacing\"><em>Convidados: AFAI e Patrocinadores do II Bingo Show da Igreja Matriz<\/em><u><\/u><u><\/u><\/p>\n<p class=\"m_-4175814447350308149xgmail-msonospacing\"><em>Anima\u00e7\u00e3o: Liturgia, Minist\u00e9rio Cristo Rei e Mission\u00e1rios de Santa Terezinha.<\/em><u><\/u><u><\/u><\/p>\n<p class=\"m_-4175814447350308149xgmail-msonospacing\"><em>Noveninha das Crian\u00e7as: Ordem Franciscana Secular _OFS<\/em><u><\/u><u><\/u><\/p>\n<p class=\"m_-4175814447350308149xgmail-msonospacing\"><em>Quermesse: Churrasquinhos, Amendoim e Calda (Comunidade Santa Rita de C\u00e1ssia e EJC)<\/em><u><\/u><u><\/u><\/p>\n<p class=\"m_-4175814447350308149xgmail-msonospacing\"><em>Decora\u00e7\u00e3o: Jos\u00e9 Bernardino<\/em><u><\/u><u><\/u><\/p>\n<p class=\"m_-4175814447350308149xgmail-msonospacing\"><em>&nbsp;<\/em><u><\/u><u><\/u><\/p>\n<p class=\"m_-4175814447350308149xgmail-msonospacing\"><em><b>03.06- Domingo-19h<\/b><\/em><u><\/u><u><\/u><\/p>\n<p class=\"m_-4175814447350308149xgmail-msonospacing\"><em>Lan\u00e7amento do VI Encontro de Jovens com Cristo \u2013EJC<\/em><u><\/u><u><\/u><\/p>\n<p class=\"m_-4175814447350308149xgmail-msonospacing\"><em>Subtema: \u201cJuventude Laical: Sal da Terra e Luz do Mundo\u201d.<\/em><u><\/u><u><\/u><\/p>\n<p class=\"m_-4175814447350308149xgmail-msonospacing\"><em>Convidados: Juventude&nbsp;&nbsp;Itajuipense<\/em><u><\/u><u><\/u><\/p>\n<p class=\"m_-4175814447350308149xgmail-msonospacing\"><em>Anima\u00e7\u00e3o: EJC e JUFRA<\/em><u><\/u><u><\/u><\/p>\n<p class=\"m_-4175814447350308149xgmail-msonospacing\"><em>Noveninha para as Crian\u00e7as: Renova\u00e7\u00e3o Carism\u00e1tica&nbsp;&nbsp;Cat\u00f3lica<\/em><u><\/u><u><\/u><\/p>\n<p class=\"m_-4175814447350308149xgmail-msonospacing\"><em>Quermesse: Pizza e Pastel (Encontro de Casais Com Cristo)&nbsp;<\/em><u><\/u><u><\/u><\/p>\n<p class=\"m_-4175814447350308149xgmail-msonospacing\"><em>&nbsp;<\/em><u><\/u><u><\/u><\/p>\n<p class=\"m_-4175814447350308149xgmail-msonospacing\"><em><b>04.06-Segunda-feira- 19h<\/b><\/em><u><\/u><u><\/u><\/p>\n<div>\n<div class=\"adm\">\n<div id=\"q_163a6c61846cf4ff_15\" class=\"ajR h4\" data-tooltip=\"Ocultar conte\u00fado expandido\" aria-label=\"Ocultar conte\u00fado expandido\">\n<div class=\"ajT\">&nbsp;<\/div>\n<\/div>\n<\/div>\n<div class=\"im\">\n<p class=\"m_-4175814447350308149xgmail-msonospacing\"><em>Fam\u00edlia Santu\u00e1rio da Vida<\/em><u><\/u><u><\/u><\/p>\n<p class=\"m_-4175814447350308149xgmail-msonospacing\"><em>Subtema: \u201cLeigos e Leigas, agentes transformadores&nbsp;&nbsp;na fam\u00edlia\u201d.<\/em><u><\/u><u><\/u><\/p>\n<p class=\"m_-4175814447350308149xgmail-msonospacing\"><em>Convidados: Escola Estaduais e Municipais, Comunidade de Nossa Senhora das Vit\u00f3rias \u2013Beira Rio, Comunidade do bairro Sagrado Cora\u00e7\u00e3o de Jesus e Avenida Itabuna<\/em><u><\/u><u><\/u><\/p>\n<p class=\"m_-4175814447350308149xgmail-msonospacing\"><em>Anima\u00e7\u00e3o: Pastoral Familiar e ECC&nbsp;<\/em><u><\/u><u><\/u><\/p>\n<p class=\"m_-4175814447350308149xgmail-msonospacing\"><em>Noveninha para&nbsp;&nbsp;as Crian\u00e7as: MECE<\/em><u><\/u><u><\/u><\/p>\n<p class=\"m_-4175814447350308149xgmail-msonospacing\"><em>Quermesse: Cachorro-quente e Pastel (Ter\u00e7o dos Homens)<\/em><u><\/u><u><\/u><\/p>\n<p class=\"m_-4175814447350308149xgmail-msonospacing\"><em>&nbsp;<\/em><u><\/u><u><\/u><\/p>\n<p class=\"m_-4175814447350308149xgmail-msonospacing\"><em><b>05.06-Ter\u00e7a-feira-19h<\/b><\/em><u><\/u><u><\/u><\/p>\n<p class=\"m_-4175814447350308149xgmail-msonospacing\"><em>Ser dizimista isto faz bem ao Cora\u00e7\u00e3o<\/em><u><\/u><u><\/u><\/p>\n<p class=\"m_-4175814447350308149xgmail-msonospacing\"><em>Subtema: \u201cLeigos e Leigas: expressamente a f\u00e9 com o Dizimo\u201d.<\/em><u><\/u><u><\/u><\/p>\n<p class=\"m_-4175814447350308149xgmail-msonospacing\"><em>Convidados: Col\u00e9gio Alfa, Escola Veja a Vida, Escola Bem-me-quer e comunidade de Santo Ant\u00f4nio<\/em><u><\/u><u><\/u><\/p>\n<p class=\"m_-4175814447350308149xgmail-msonospacing\"><em>Anima\u00e7\u00e3o: Renova\u00e7\u00e3o&nbsp;&nbsp;Carism\u00e1tica&nbsp;&nbsp;<wbr>Cat\u00f3lica<\/em><u><\/u><u><\/u><\/p>\n<p class=\"m_-4175814447350308149xgmail-msonospacing\"><em>Noveninha das Crian\u00e7as: EJC<\/em><u><\/u><u><\/u><\/p>\n<p class=\"m_-4175814447350308149xgmail-msonospacing\"><em>Quermesse: Salgados&nbsp;(Pastoral do Dizimo e MECE)<\/em><u><\/u><u><\/u><\/p>\n<p class=\"m_-4175814447350308149xgmail-msonospacing\"><em>&nbsp;<\/em><u><\/u><u><\/u><\/p>\n<p class=\"m_-4175814447350308149xgmail-msonospacing\"><em><b>06.06-Quarta-feira-19h<\/b><\/em><u><\/u><u><\/u><\/p>\n<p class=\"m_-4175814447350308149xgmail-msonospacing\"><em>A F\u00e9 agindo pela caridade<\/em><u><\/u><u><\/u><\/p>\n<p class=\"m_-4175814447350308149xgmail-msonospacing\"><em>Subtema: \u201cLeigos e Leigas, chamados e enviados \u00e0 vivencia da caridade\u201d.<\/em><u><\/u><u><\/u><\/p>\n<p class=\"m_-4175814447350308149xgmail-msonospacing\"><em>Convidados: Clube da Melhor&nbsp;&nbsp;Idade, Legi\u00e3o&nbsp;&nbsp;Feminina da Educa\u00e7\u00e3o e&nbsp;&nbsp;Combate a Tuberculose, Loja Ma\u00e7\u00f4nica, Funda\u00e7\u00e3o Lordes Lucas e Rotary Clube de Itaju\u00edpe<\/em><u><\/u><u><\/u><\/p>\n<p class=\"m_-4175814447350308149xgmail-msonospacing\"><em>Anima\u00e7\u00e3o: Pastoral&nbsp;&nbsp;Catequ\u00e9tica e OFS&nbsp;&nbsp;<\/em><u><\/u><u><\/u><\/p>\n<p class=\"m_-4175814447350308149xgmail-msonospacing\"><em>Noveninha das Crian\u00e7as: Mission\u00e1rios de Santa Terezinha<\/em><u><\/u><u><\/u><\/p>\n<p class=\"m_-4175814447350308149xgmail-msonospacing\"><em>Quermesse: Mingau e Salgados (Evangeliza\u00e7\u00e3o Masculina e Pastoral Catequ\u00e9tica)<\/em><u><\/u><u><\/u><\/p>\n<p class=\"m_-4175814447350308149xgmail-msonospacing\"><em>&nbsp;<\/em><u><\/u><u><\/u><\/p>\n<p class=\"m_-4175814447350308149xgmail-msonospacing\"><em><b>07.06-Quinta-feira -19h<\/b><\/em><u><\/u><u><\/u><\/p>\n<p class=\"m_-4175814447350308149xgmail-msonospacing\"><em>Presid\u00eancia: Dom Carlos Alberto dos Santos (Bispo da Diocese de Itabuna)<\/em><u><\/u><u><\/u><\/p>\n<p class=\"m_-4175814447350308149xgmail-msonospacing\"><em>Subtema: \u201cLeigos e Leigas, agentes promotores da paz, da justi\u00e7a e do perd\u00e3o\u201d.<\/em><u><\/u><u><\/u><\/p>\n<p class=\"m_-4175814447350308149xgmail-msonospacing\"><em>Convidados: Prefeitura Municipal de Itaju\u00edpe e C\u00e2mara de Vereadores<\/em><u><\/u><u><\/u><\/p>\n<p class=\"m_-4175814447350308149xgmail-msonospacing\"><em>Decora\u00e7\u00e3o da Igreja e andor: Raul Estrela, Marcos Fabian e Marcos Willian.<\/em><u><\/u><u><\/u><\/p>\n<p class=\"m_-4175814447350308149xgmail-msonospacing\"><em>Anima\u00e7\u00e3o: Pastoral do Dizimo<\/em><u><\/u><u><\/u><\/p>\n<p class=\"m_-4175814447350308149xgmail-msonospacing\"><em>Noveninha das Crian\u00e7as: Ter\u00e7o dos Homens<\/em><u><\/u><u><\/u><\/p>\n<p class=\"m_-4175814447350308149xgmail-msonospacing\"><em>Quermesse: Comida \u00c1rabe (RCC)<\/em><u><\/u><u><\/u><\/p>\n<p class=\"m_-4175814447350308149xgmail-msonospacing\"><em>&nbsp;<\/em><u><\/u><u><\/u><\/p>\n<p class=\"m_-4175814447350308149xgmail-msonospacing\"><em>&nbsp;<\/em><em><b>Dia festivo- 08 de junho<\/b><\/em><\/p>\n<\/div>\n<\/div>\n<p class=\"m_-4175814447350308149xgmail-msonospacing\">&nbsp;<\/p>\n<p class=\"m_-4175814447350308149xgmail-msonospacing\"><em>&nbsp;<\/em><u><\/u><u><\/u><\/p>\n<p class=\"m_-4175814447350308149xgmail-msonospacing\"><em>A solenidade do Sagrado Cora\u00e7\u00e3o de Jesus tem in\u00edcio \u00e0s 6h-Laudes (caf\u00e9 no Bosque e queima de fogos).<\/em><u><\/u><u><\/u><\/p>\n<p class=\"m_-4175814447350308149xgmail-msonospacing\"><em>10h: Missa Solene, com a presid\u00eancia do Bispo da Diocese de Ilh\u00e9us, Dom Mauro Montagnoli.<\/em><u><\/u><u><\/u><\/p>\n<p class=\"m_-4175814447350308149xgmail-msonospacing\"><em>12h: Sauda\u00e7\u00e3o do cora\u00e7\u00e3o de Jesus com fogos<u><\/u><u><\/u><\/em><\/p>\n<p class=\"m_-4175814447350308149xgmail-msonospacing\"><em>17h: prociss\u00e3o, m\u00fasica e b\u00ean\u00e7\u00e3o com Sant\u00edssimo Sacramento.<\/em><u><\/u><u><\/u><\/p>\n<p class=\"m_-4175814447350308149xgmail-msonospacing\"><em>&nbsp;<\/em><u><\/u><u><\/u><u><\/u><em><b>16.06-Igreja matriz de Itaju\u00edpe<\/b><\/em><u><\/u><u><\/u><\/p>\n<p class=\"m_-4175814447350308149xgmail-msonospacing\"><em>II Bingo Show-Igreja Matriz<\/em><u><\/u><u><\/u><\/p>\n<p class=\"m_-4175814447350308149xgmail-msonospacing\"><em>Show: Adora\u00e7\u00e3o e Vida<\/em><u><\/u><u><\/u><\/p>\n<p><em>Adquira uma cartela, concorra a pr\u00eamios e ajude na reforma da Igreja Matriz.<u><\/u><u><\/u><\/em><\/p>\n<p class=\"m_-4175814447350308149xgmail-msonospacing\"><em><b>VII Forroquial<\/b><\/em><u><\/u><u><\/u><\/p>\n<p class=\"m_-4175814447350308149xgmail-msonospacing\"><em>30 de junho de 2018-20h-Sal\u00e3o Paroquial<\/em><u><\/u><u><\/u><\/p>\n<p class=\"m_-4175814447350308149xgmail-msonospacing\"><em>Organiza\u00e7\u00e3o: Santo Ant\u00f4nio, Nossa Senhora Aparecida e Conselho Administrativo.&nbsp;<\/em><u><\/u><u><\/u><\/p>\n<p>Informa\u00e7\u00f5es:Par\u00f3quia Sagrado Cora\u00e7\u00e3o de Jesus<\/p>\n<p>Texto e foto:Reda\u00e7\u00e3o\/Portal Cat\u00f3lico.Net<\/p>\n<p class=\"m_-4175814447350308149xgmail-msonospacing\">&nbsp;<\/p>\n<p class=\"m_-4175814447350308149xgmail-msonospacing\">&nbsp;<\/p>\n<p class=\"m_-4175814447350308149xgmail-msonospacing\"><u><\/u>&nbsp;<u><\/u><\/p>\n<p class=\"m_-4175814447350308149xgmail-msonospacing\"><em>&nbsp;<\/em><u><\/u><u><\/u><\/p>\n<p class=\"m_-4175814447350308149xgmail-msonospacing\"><em>&nbsp;<b><\/b><\/em><u><\/u><u><\/u><\/p>\n<p>&nbsp;<\/p>\n","protected":false},"excerpt":{"rendered":"<p>A Par\u00f3quia do Sagrado Cora\u00e7\u00e3o de Jesus, na cidade de Itaju\u00edpe (BA), que comp\u00f5e a Diocese de Ilh\u00e9us, d\u00e1 in\u00edcio \u00e0s comemora\u00e7\u00f5es em homenagem ao padroeiro da cidade de Itaju\u00edpe, nesta quarta-feira, 30 de maio. A&nbsp;&nbsp;Festa do Sagrado Cora\u00e7\u00e3o de Jesus acontecer\u00e1 no dia 8 de junho. At\u00e9 l\u00e1, diversos acontecimentos marcar\u00e3o as comemora\u00e7\u00f5es dos&nbsp;<\/p>\n<p><a class=\"btn btn-style\" href=\"http:\/\/portalcatolico.net\/portal\/paroquia-de-itajuipe-prepara-festejos-em-homenagem-ao-sagrado-coracao-de-jesus\/\">Continue Reading<\/a><\/p>\n","protected":false},"author":2,"featured_media":55809,"comment_status":"open","ping_status":"open","sticky":false,"template":"","format":"standard","meta":{"footnotes":""},"categories":[1],"tags":[],"class_list":["post-55808","post","type-post","status-publish","format-standard","has-post-thumbnail","hentry","category-agenda"],"_links":{"self":[{"href":"http:\/\/portalcatolico.net\/portal\/wp-json\/wp\/v2\/posts\/55808","targetHints":{"allow":["GET"]}}],"collection":[{"href":"http:\/\/portalcatolico.net\/portal\/wp-json\/wp\/v2\/posts"}],"about":[{"href":"http:\/\/portalcatolico.net\/portal\/wp-json\/wp\/v2\/types\/post"}],"author":[{"embeddable":true,"href":"http:\/\/portalcatolico.net\/portal\/wp-json\/wp\/v2\/users\/2"}],"replies":[{"embeddable":true,"href":"http:\/\/portalcatolico.net\/portal\/wp-json\/wp\/v2\/comments?post=55808"}],"version-history":[{"count":1,"href":"http:\/\/portalcatolico.net\/portal\/wp-json\/wp\/v2\/posts\/55808\/revisions"}],"predecessor-version":[{"id":55810,"href":"http:\/\/portalcatolico.net\/portal\/wp-json\/wp\/v2\/posts\/55808\/revisions\/55810"}],"wp:featuredmedia":[{"embeddable":true,"href":"http:\/\/portalcatolico.net\/portal\/wp-json\/wp\/v2\/media\/55809"}],"wp:attachment":[{"href":"http:\/\/portalcatolico.net\/portal\/wp-json\/wp\/v2\/media?parent=55808"}],"wp:term":[{"taxonomy":"category","embeddable":true,"href":"http:\/\/portalcatolico.net\/portal\/wp-json\/wp\/v2\/categories?post=55808"},{"taxonomy":"post_tag","embeddable":true,"href":"http:\/\/portalcatolico.net\/portal\/wp-json\/wp\/v2\/tags?post=55808"}],"curies":[{"name":"wp","href":"https:\/\/api.w.org\/{rel}","templated":true}]}}