{"id":55804,"date":"2018-05-28T06:07:11","date_gmt":"2018-05-28T09:07:11","guid":{"rendered":"http:\/\/portalcatolico.net\/portal\/?p=55804"},"modified":"2018-05-28T06:07:11","modified_gmt":"2018-05-28T09:07:11","slug":"i-congresso-liturgico-catequetico-acontece-em-itabuna-em-julho","status":"publish","type":"post","link":"http:\/\/portalcatolico.net\/portal\/i-congresso-liturgico-catequetico-acontece-em-itabuna-em-julho\/","title":{"rendered":"I Congresso  lit\u00fargico-catequ\u00e9tico acontece em Itabuna em julho"},"content":{"rendered":"<div dir=\"auto\"><i>A Diocese de Itabuna (BA), juntamente com&nbsp; demais&nbsp; igrejas do Brasil em constante forma\u00e7\u00e3o com os seus agentes pastorais, tem o olhar voltado de forma especial para os milhares de catequistas que voluntariamente se prop\u00f5em para melhor orientar o Povo de Deus na F\u00e9. Portanto, a Diocese de Itabuna ir\u00e1 sediar o I Congresso lit\u00fargico-catequ\u00e9tico, acolhendo todos os catequistas das 33 par\u00f3quias que comp\u00f5em a Diocese em 19 munic\u00edpios.&nbsp;<\/i><\/div>\n<div dir=\"auto\"><i>O Congresso lit\u00fargico-catequ\u00e9tico &nbsp;acontecer\u00e1 entre os dias 06, 07 e&nbsp; 08 de julho de 2018, no Centro Pastoral Diocesano em Itabuna e ter\u00e1&nbsp; o estudo a luz do documento 107\u00aa inicia\u00e7\u00e3o a vida crist\u00e3. A assessoria do Congresso ser\u00e1 do Pe. Martins&nbsp; da Diocese de Eun\u00e1polis e com presen\u00e7a do Bispo Diocesano, Dom Carlos Alberto dos Santos.&nbsp;<\/i><\/div>\n<div dir=\"auto\"><i>O valor do investimento para participar do evento \u00e9 R$120,00 at\u00e9 o dia 22 de junho, e ap\u00f3s esta data, o valor ficar\u00e1 por R$ 150,00. Participe!&nbsp;<\/i><\/div>\n<div dir=\"auto\">Foto:Divulga\u00e7\u00e3o<\/div>\n<div dir=\"auto\">Texto:Reda\u00e7\u00e3o\/Portal Cat\u00f3lico<\/div>\n","protected":false},"excerpt":{"rendered":"<p>A Diocese de Itabuna (BA), juntamente com&nbsp; demais&nbsp; igrejas do Brasil em constante forma\u00e7\u00e3o com os seus agentes pastorais, tem o olhar voltado de forma especial para os milhares de catequistas que voluntariamente se prop\u00f5em para melhor orientar o Povo de Deus na F\u00e9. Portanto, a Diocese de Itabuna ir\u00e1 sediar o I Congresso lit\u00fargico-catequ\u00e9tico,&nbsp;<\/p>\n<p><a class=\"btn btn-style\" href=\"http:\/\/portalcatolico.net\/portal\/i-congresso-liturgico-catequetico-acontece-em-itabuna-em-julho\/\">Continue Reading<\/a><\/p>\n","protected":false},"author":2,"featured_media":55805,"comment_status":"open","ping_status":"open","sticky":false,"template":"","format":"standard","meta":{"footnotes":""},"categories":[1],"tags":[],"class_list":["post-55804","post","type-post","status-publish","format-standard","has-post-thumbnail","hentry","category-agenda"],"_links":{"self":[{"href":"http:\/\/portalcatolico.net\/portal\/wp-json\/wp\/v2\/posts\/55804","targetHints":{"allow":["GET"]}}],"collection":[{"href":"http:\/\/portalcatolico.net\/portal\/wp-json\/wp\/v2\/posts"}],"about":[{"href":"http:\/\/portalcatolico.net\/portal\/wp-json\/wp\/v2\/types\/post"}],"author":[{"embeddable":true,"href":"http:\/\/portalcatolico.net\/portal\/wp-json\/wp\/v2\/users\/2"}],"replies":[{"embeddable":true,"href":"http:\/\/portalcatolico.net\/portal\/wp-json\/wp\/v2\/comments?post=55804"}],"version-history":[{"count":1,"href":"http:\/\/portalcatolico.net\/portal\/wp-json\/wp\/v2\/posts\/55804\/revisions"}],"predecessor-version":[{"id":55806,"href":"http:\/\/portalcatolico.net\/portal\/wp-json\/wp\/v2\/posts\/55804\/revisions\/55806"}],"wp:featuredmedia":[{"embeddable":true,"href":"http:\/\/portalcatolico.net\/portal\/wp-json\/wp\/v2\/media\/55805"}],"wp:attachment":[{"href":"http:\/\/portalcatolico.net\/portal\/wp-json\/wp\/v2\/media?parent=55804"}],"wp:term":[{"taxonomy":"category","embeddable":true,"href":"http:\/\/portalcatolico.net\/portal\/wp-json\/wp\/v2\/categories?post=55804"},{"taxonomy":"post_tag","embeddable":true,"href":"http:\/\/portalcatolico.net\/portal\/wp-json\/wp\/v2\/tags?post=55804"}],"curies":[{"name":"wp","href":"https:\/\/api.w.org\/{rel}","templated":true}]}}