{"id":55799,"date":"2018-06-27T18:29:39","date_gmt":"2018-06-27T21:29:39","guid":{"rendered":"http:\/\/portalcatolico.net\/portal\/?p=55799"},"modified":"2018-06-29T06:10:20","modified_gmt":"2018-06-29T09:10:20","slug":"ordenacao-presbiteral-de-padre-tiago-acontecera-em-junho-em-itabuna","status":"publish","type":"post","link":"http:\/\/portalcatolico.net\/portal\/ordenacao-presbiteral-de-padre-tiago-acontecera-em-junho-em-itabuna\/","title":{"rendered":"Ordena\u00e7\u00e3o presbiteral do Di\u00e1cono  Tiago acontecer\u00e1 neste s\u00e1bado  em Itabuna"},"content":{"rendered":"<p><em>A ordena\u00e7\u00e3o presbiteral do Di\u00e1cono Tiago Santos da Silva, SdC, ser\u00e1 pela imposi\u00e7\u00e3o das m\u00e3os e ora\u00e7\u00e3o consecrat\u00f3ria de Dom Prot\u00e1genes Jos\u00e9 Luft ,SdC,&nbsp;<\/em>no dia&nbsp;<em>30 de junho, \u00e0s 18h, na Catedral de S\u00e3o Jos\u00e9.<\/em><\/p>\n<p><em>A Congrega\u00e7\u00e3o dos Irm\u00e3os e Padres Servos da Caridade juntamente com a Fam\u00edlia&nbsp;&nbsp;Santos Silva convida todos os fieis para participarem da primeira santa missa, com a presid\u00eancia do&nbsp;&nbsp;Padre Tiago Santos da Silva, SdC, que acontecer\u00e1 no dia 01 de julho, na Catedral de S\u00e3o Jos\u00e9, em Itabuna, \u00e0s 9h30.<\/em><\/p>\n<p><em>O futuro padre \u00e9 natural da cidade de Itabuna, da Par\u00f3quia Ant\u00f4nio do bairro Santo Ant\u00f4nio, e faz parte da Congrega\u00e7\u00e3o dos Irm\u00e3os e Padres dos Servos da caridade, cujo fundador S\u00e3o Lu\u00eds&nbsp;&nbsp;Guanella.<\/em><\/p>\n<p><em>Participe!<\/em><\/p>\n<p>Foto: Arquivo\/Portal Cat\u00f3lico&nbsp;<\/p>\n<p>Texto:Reda\u00e7\u00e3o\/Portal Cat\u00f3lico.Net<\/p>\n","protected":false},"excerpt":{"rendered":"<p>A ordena\u00e7\u00e3o presbiteral do Di\u00e1cono Tiago Santos da Silva, SdC, ser\u00e1 pela imposi\u00e7\u00e3o das m\u00e3os e ora\u00e7\u00e3o consecrat\u00f3ria de Dom Prot\u00e1genes Jos\u00e9 Luft ,SdC,&nbsp;no dia&nbsp;30 de junho, \u00e0s 18h, na Catedral de S\u00e3o Jos\u00e9. A Congrega\u00e7\u00e3o dos Irm\u00e3os e Padres Servos da Caridade juntamente com a Fam\u00edlia&nbsp;&nbsp;Santos Silva convida todos os fieis para participarem da&nbsp;<\/p>\n<p><a class=\"btn btn-style\" href=\"http:\/\/portalcatolico.net\/portal\/ordenacao-presbiteral-de-padre-tiago-acontecera-em-junho-em-itabuna\/\">Continue Reading<\/a><\/p>\n","protected":false},"author":2,"featured_media":57101,"comment_status":"open","ping_status":"open","sticky":false,"template":"","format":"standard","meta":{"footnotes":""},"categories":[1],"tags":[],"class_list":["post-55799","post","type-post","status-publish","format-standard","has-post-thumbnail","hentry","category-agenda"],"_links":{"self":[{"href":"http:\/\/portalcatolico.net\/portal\/wp-json\/wp\/v2\/posts\/55799","targetHints":{"allow":["GET"]}}],"collection":[{"href":"http:\/\/portalcatolico.net\/portal\/wp-json\/wp\/v2\/posts"}],"about":[{"href":"http:\/\/portalcatolico.net\/portal\/wp-json\/wp\/v2\/types\/post"}],"author":[{"embeddable":true,"href":"http:\/\/portalcatolico.net\/portal\/wp-json\/wp\/v2\/users\/2"}],"replies":[{"embeddable":true,"href":"http:\/\/portalcatolico.net\/portal\/wp-json\/wp\/v2\/comments?post=55799"}],"version-history":[{"count":9,"href":"http:\/\/portalcatolico.net\/portal\/wp-json\/wp\/v2\/posts\/55799\/revisions"}],"predecessor-version":[{"id":57121,"href":"http:\/\/portalcatolico.net\/portal\/wp-json\/wp\/v2\/posts\/55799\/revisions\/57121"}],"wp:featuredmedia":[{"embeddable":true,"href":"http:\/\/portalcatolico.net\/portal\/wp-json\/wp\/v2\/media\/57101"}],"wp:attachment":[{"href":"http:\/\/portalcatolico.net\/portal\/wp-json\/wp\/v2\/media?parent=55799"}],"wp:term":[{"taxonomy":"category","embeddable":true,"href":"http:\/\/portalcatolico.net\/portal\/wp-json\/wp\/v2\/categories?post=55799"},{"taxonomy":"post_tag","embeddable":true,"href":"http:\/\/portalcatolico.net\/portal\/wp-json\/wp\/v2\/tags?post=55799"}],"curies":[{"name":"wp","href":"https:\/\/api.w.org\/{rel}","templated":true}]}}