{"id":55796,"date":"2018-05-27T19:07:49","date_gmt":"2018-05-27T22:07:49","guid":{"rendered":"http:\/\/portalcatolico.net\/portal\/?p=55796"},"modified":"2018-05-27T19:07:49","modified_gmt":"2018-05-27T22:07:49","slug":"medalha-sao-paulo-apostolo-edicao-2018-ja-esta-com-inscricoes-abertas","status":"publish","type":"post","link":"http:\/\/portalcatolico.net\/portal\/medalha-sao-paulo-apostolo-edicao-2018-ja-esta-com-inscricoes-abertas\/","title":{"rendered":"Medalha S\u00e3o Paulo Ap\u00f3stolo edi\u00e7\u00e3o 2018 j\u00e1 est\u00e1 com inscri\u00e7\u00f5es abertas"},"content":{"rendered":"<p>Est\u00e3o abertas at\u00e9 o dia 31 de julho, as inscri\u00e7\u00f5es para candidatos \u00e0 edi\u00e7\u00e3o 2018 da Medalha S\u00e3o Paulo Ap\u00f3stolo, pr\u00eamio de reconhecimento que tem os objetivos de valorizar, estimular e dinamizar a vida eclesial e pastoral na Arquidiocese de S\u00e3o Paulo.<\/p>\n<p>De acordo com o Edital publicado pela C\u00faria Metropolitana de S\u00e3o Paulo, o an\u00fancio dos 10 contemplados com a Medalha em 2018 ser\u00e1 no dia 4 de agosto, \u00e0s 18h, no portal da Arquidiocese de S\u00e3o Paulo (<a href=\"http:\/\/arquisp.org.br\/home\">www.arquisp.org.br<\/a>). J\u00e1 a cerim\u00f4nia de entrega est\u00e1 marcada para o dia 29 de agosto, \u00e0s 20h, no audit\u00f3rio S\u00e3o Paulo Ap\u00f3stolo (Paulinas).<\/p>\n<p>Os contemplados com a Medalha receber\u00e3o previamente uma comunica\u00e7\u00e3o pessoal da Comiss\u00e3o Organizadora.<\/p>\n<p><strong>A Medalha<\/strong><\/p>\n<p>A Medalha S\u00e3o Paulo Ap\u00f3stolo foi institu\u00edda em 2015 dentro das comemora\u00e7\u00f5es dos 270 anos de cria\u00e7\u00e3o da Diocese de S\u00e3o Paulo. A Medalha traz, numa face, a ef\u00edgie do ap\u00f3stolo S\u00e3o Paulo, Patrono da Arquidiocese; na outra face, traz a vista frontal da catedral metropolitana de S\u00e3o Paulo. Sua entrega ser\u00e1 acompanhada de um diploma correspondente.<\/p>\n<p>No Decreto de institui\u00e7\u00e3o da medalha, o Arcebispo de S\u00e3o Paulo, Cardeal Odilo Pedro Scherer, ressaltou que \u201ctodos os Batizados foram constitu\u00eddos como povo de Deus e s\u00e3o participantes do m\u00fanus sacerdotal, prof\u00e9tico e r\u00e9gio do pr\u00f3prio Cristo\u201d e acrescentou que a homenagem tamb\u00e9m \u00e9 um \u201cincentivo para que flores\u00e7a mais abundantemente a vida eclesial e pastoral nesta Cidade imensa\u201d.<\/p>\n<p>\u00c9 concedida a cada ano uma Medalha a pessoas que se destacaram nas seguintes dimens\u00f5es da vida eclesial e pastoral:- testemunho laical;<\/p>\n<p>\u2013 servi\u00e7o sacerdotal;<\/p>\n<p>\u2013 a\u00e7\u00e3o caritativa e de promo\u00e7\u00e3o humana;<\/p>\n<p>\u2013 a\u00e7\u00e3o mission\u00e1ria;<\/p>\n<p>\u2013 inova\u00e7\u00e3o na metodologia pastoral;<\/p>\n<p>\u2013 educa\u00e7\u00e3o crist\u00e3;<\/p>\n<p>\u2013 defesa e promo\u00e7\u00e3o da vida e da dignidade humanas.<\/p>\n<p>\u2013 cultura;<\/p>\n<p>\u2013 comunica\u00e7\u00e3o;<\/p>\n<p>\u2013 servi\u00e7o social.<\/p>\n<p>Acesse aqui o&nbsp;<a href=\"http:\/\/www.arquisp.org.br\/sites\/default\/files\/arquivos\/edital.1.pdf\">Edital<\/a><\/p>\n<p><em>Fonte: CNBB com Arquidiocese de SP<\/em><\/p>\n","protected":false},"excerpt":{"rendered":"<p>Est\u00e3o abertas at\u00e9 o dia 31 de julho, as inscri\u00e7\u00f5es para candidatos \u00e0 edi\u00e7\u00e3o 2018 da Medalha S\u00e3o Paulo Ap\u00f3stolo, pr\u00eamio de reconhecimento que tem os objetivos de valorizar, estimular e dinamizar a vida eclesial e pastoral na Arquidiocese de S\u00e3o Paulo. De acordo com o Edital publicado pela C\u00faria Metropolitana de S\u00e3o Paulo, o&nbsp;<\/p>\n<p><a class=\"btn btn-style\" href=\"http:\/\/portalcatolico.net\/portal\/medalha-sao-paulo-apostolo-edicao-2018-ja-esta-com-inscricoes-abertas\/\">Continue Reading<\/a><\/p>\n","protected":false},"author":2,"featured_media":55797,"comment_status":"open","ping_status":"open","sticky":false,"template":"","format":"standard","meta":{"footnotes":""},"categories":[3],"tags":[],"class_list":["post-55796","post","type-post","status-publish","format-standard","has-post-thumbnail","hentry","category-noticias_regionais"],"_links":{"self":[{"href":"http:\/\/portalcatolico.net\/portal\/wp-json\/wp\/v2\/posts\/55796","targetHints":{"allow":["GET"]}}],"collection":[{"href":"http:\/\/portalcatolico.net\/portal\/wp-json\/wp\/v2\/posts"}],"about":[{"href":"http:\/\/portalcatolico.net\/portal\/wp-json\/wp\/v2\/types\/post"}],"author":[{"embeddable":true,"href":"http:\/\/portalcatolico.net\/portal\/wp-json\/wp\/v2\/users\/2"}],"replies":[{"embeddable":true,"href":"http:\/\/portalcatolico.net\/portal\/wp-json\/wp\/v2\/comments?post=55796"}],"version-history":[{"count":1,"href":"http:\/\/portalcatolico.net\/portal\/wp-json\/wp\/v2\/posts\/55796\/revisions"}],"predecessor-version":[{"id":55798,"href":"http:\/\/portalcatolico.net\/portal\/wp-json\/wp\/v2\/posts\/55796\/revisions\/55798"}],"wp:featuredmedia":[{"embeddable":true,"href":"http:\/\/portalcatolico.net\/portal\/wp-json\/wp\/v2\/media\/55797"}],"wp:attachment":[{"href":"http:\/\/portalcatolico.net\/portal\/wp-json\/wp\/v2\/media?parent=55796"}],"wp:term":[{"taxonomy":"category","embeddable":true,"href":"http:\/\/portalcatolico.net\/portal\/wp-json\/wp\/v2\/categories?post=55796"},{"taxonomy":"post_tag","embeddable":true,"href":"http:\/\/portalcatolico.net\/portal\/wp-json\/wp\/v2\/tags?post=55796"}],"curies":[{"name":"wp","href":"https:\/\/api.w.org\/{rel}","templated":true}]}}