{"id":55792,"date":"2018-05-26T11:34:36","date_gmt":"2018-05-26T14:34:36","guid":{"rendered":"http:\/\/portalcatolico.net\/portal\/?p=55792"},"modified":"2018-05-27T11:38:49","modified_gmt":"2018-05-27T14:38:49","slug":"tarde-jovem-com-maria-em-itabuna","status":"publish","type":"post","link":"http:\/\/portalcatolico.net\/portal\/tarde-jovem-com-maria-em-itabuna\/","title":{"rendered":"Tarde Jovem com Maria em Itabuna"},"content":{"rendered":"<p>Com uma &nbsp;programa\u00e7\u00e3o especial com louvor, ora\u00e7\u00e3o, teatro, din\u00e2micas e testemunhos marcar\u00e1 a 26\u00aa Tarde Jovem com Maria, na Par\u00f3quia Santa Maria Goretti, situada no bairro &nbsp;Mangabinha em Itabuna e ser\u00e1 neste domingo, dia 27de maio , com inicia a partir das 13:00h. O evento \u00e9 organizado pela Juventude Passionista, que re\u00fane v\u00e1rios membros.<\/p>\n<p>A Tarde Jovem com Maria foi criada para homenagear Nossa Senhora. O reuni crian\u00e7as, jovens, adultos e devotos.<\/p>\n","protected":false},"excerpt":{"rendered":"<p>Com uma &nbsp;programa\u00e7\u00e3o especial com louvor, ora\u00e7\u00e3o, teatro, din\u00e2micas e testemunhos marcar\u00e1 a 26\u00aa Tarde Jovem com Maria, na Par\u00f3quia Santa Maria Goretti, situada no bairro &nbsp;Mangabinha em Itabuna e ser\u00e1 neste domingo, dia 27de maio , com inicia a partir das 13:00h. O evento \u00e9 organizado pela Juventude Passionista, que re\u00fane v\u00e1rios membros. A&nbsp;<\/p>\n<p><a class=\"btn btn-style\" href=\"http:\/\/portalcatolico.net\/portal\/tarde-jovem-com-maria-em-itabuna\/\">Continue Reading<\/a><\/p>\n","protected":false},"author":2,"featured_media":55795,"comment_status":"open","ping_status":"open","sticky":false,"template":"","format":"standard","meta":{"footnotes":""},"categories":[2],"tags":[],"class_list":["post-55792","post","type-post","status-publish","format-standard","has-post-thumbnail","hentry","category-eventos"],"_links":{"self":[{"href":"http:\/\/portalcatolico.net\/portal\/wp-json\/wp\/v2\/posts\/55792","targetHints":{"allow":["GET"]}}],"collection":[{"href":"http:\/\/portalcatolico.net\/portal\/wp-json\/wp\/v2\/posts"}],"about":[{"href":"http:\/\/portalcatolico.net\/portal\/wp-json\/wp\/v2\/types\/post"}],"author":[{"embeddable":true,"href":"http:\/\/portalcatolico.net\/portal\/wp-json\/wp\/v2\/users\/2"}],"replies":[{"embeddable":true,"href":"http:\/\/portalcatolico.net\/portal\/wp-json\/wp\/v2\/comments?post=55792"}],"version-history":[{"count":1,"href":"http:\/\/portalcatolico.net\/portal\/wp-json\/wp\/v2\/posts\/55792\/revisions"}],"predecessor-version":[{"id":55794,"href":"http:\/\/portalcatolico.net\/portal\/wp-json\/wp\/v2\/posts\/55792\/revisions\/55794"}],"wp:featuredmedia":[{"embeddable":true,"href":"http:\/\/portalcatolico.net\/portal\/wp-json\/wp\/v2\/media\/55795"}],"wp:attachment":[{"href":"http:\/\/portalcatolico.net\/portal\/wp-json\/wp\/v2\/media?parent=55792"}],"wp:term":[{"taxonomy":"category","embeddable":true,"href":"http:\/\/portalcatolico.net\/portal\/wp-json\/wp\/v2\/categories?post=55792"},{"taxonomy":"post_tag","embeddable":true,"href":"http:\/\/portalcatolico.net\/portal\/wp-json\/wp\/v2\/tags?post=55792"}],"curies":[{"name":"wp","href":"https:\/\/api.w.org\/{rel}","templated":true}]}}