{"id":55788,"date":"2018-05-26T21:14:28","date_gmt":"2018-05-27T00:14:28","guid":{"rendered":"http:\/\/portalcatolico.net\/portal\/?p=55788"},"modified":"2018-05-29T11:09:52","modified_gmt":"2018-05-29T14:09:52","slug":"dia-de-corpus-christi-tera-programacao-especial-na-catedral-de-sao-jose","status":"publish","type":"post","link":"http:\/\/portalcatolico.net\/portal\/dia-de-corpus-christi-tera-programacao-especial-na-catedral-de-sao-jose\/","title":{"rendered":"Dia de Corpus Christi ter\u00e1 programa\u00e7\u00e3o especial na Catedral de S\u00e3o Jos\u00e9"},"content":{"rendered":"<div dir=\"auto\"><i>A Foronia centro e a Catedral de S\u00e3o Jos\u00e9 t\u00eam a alegria de convidar voc\u00ea e toda&nbsp; comunidade cat\u00f3lica para a celebra\u00e7\u00e3o de Corpus Christi<\/i>, ou seja, celebrar a&nbsp;<i>&nbsp;presen\u00e7a real de Jesus Cristo que salva e envia para o servi\u00e7o.<\/i><\/div>\n<div dir=\"auto\"><i>O Dia de Corpus Christi em Itabuna ir\u00e1 acontecer na quinta-feira, 31de maio,&nbsp;e ser\u00e1 &nbsp;marcado por duas missas na &nbsp;Catedral Diocesana de S\u00e3o Jos\u00e9, onde os atos lit\u00fargicos ter\u00e3o &nbsp;in\u00edcio \u00e0s 7 horas, com a celebra\u00e7\u00e3o da Missa da Comunidade.&nbsp;<\/i><\/div>\n<div dir=\"auto\"><i>Em seguida, o Sant\u00edssimo Sacramento vai ser exposto aos fi\u00e9is em adora\u00e7\u00e3o at\u00e9 \u00e0s 14h30.<\/i><\/div>\n<div dir=\"auto\"><i>\u00c0s 15h, haver\u00e1 a missa de Corpus Christi e \u00e0s 16h30, prociss\u00e3o pelas principais ruas do centro da cidade.<\/i><\/div>\n<div dir=\"auto\"><i>&nbsp;<\/i><\/div>\n<div dir=\"auto\">\n<p><i>Ap\u00f3s a Santa Missa, ter\u00e1 in\u00edcio a Solene Prociss\u00e3o de Corpus Christi, quando a comunidade cat\u00f3lica segue &nbsp;pelas principais vias da cidade manifestando publicamente a f\u00e9 na presen\u00e7a real de Jesus Cristo na Eucaristia.<\/i><\/p>\n<div class=\"yj6qo\">Texto:Reda\u00e7\u00e3o\/Portal Cat\u00f3lico.Net<\/div>\n<\/div>\n","protected":false},"excerpt":{"rendered":"<p>A Foronia centro e a Catedral de S\u00e3o Jos\u00e9 t\u00eam a alegria de convidar voc\u00ea e toda&nbsp; comunidade cat\u00f3lica para a celebra\u00e7\u00e3o de Corpus Christi, ou seja, celebrar a&nbsp;&nbsp;presen\u00e7a real de Jesus Cristo que salva e envia para o servi\u00e7o. O Dia de Corpus Christi em Itabuna ir\u00e1 acontecer na quinta-feira, 31de maio,&nbsp;e ser\u00e1 &nbsp;marcado&nbsp;<\/p>\n<p><a class=\"btn btn-style\" href=\"http:\/\/portalcatolico.net\/portal\/dia-de-corpus-christi-tera-programacao-especial-na-catedral-de-sao-jose\/\">Continue Reading<\/a><\/p>\n","protected":false},"author":2,"featured_media":55789,"comment_status":"open","ping_status":"open","sticky":false,"template":"","format":"standard","meta":{"footnotes":""},"categories":[1],"tags":[],"class_list":["post-55788","post","type-post","status-publish","format-standard","has-post-thumbnail","hentry","category-agenda"],"_links":{"self":[{"href":"http:\/\/portalcatolico.net\/portal\/wp-json\/wp\/v2\/posts\/55788","targetHints":{"allow":["GET"]}}],"collection":[{"href":"http:\/\/portalcatolico.net\/portal\/wp-json\/wp\/v2\/posts"}],"about":[{"href":"http:\/\/portalcatolico.net\/portal\/wp-json\/wp\/v2\/types\/post"}],"author":[{"embeddable":true,"href":"http:\/\/portalcatolico.net\/portal\/wp-json\/wp\/v2\/users\/2"}],"replies":[{"embeddable":true,"href":"http:\/\/portalcatolico.net\/portal\/wp-json\/wp\/v2\/comments?post=55788"}],"version-history":[{"count":3,"href":"http:\/\/portalcatolico.net\/portal\/wp-json\/wp\/v2\/posts\/55788\/revisions"}],"predecessor-version":[{"id":55811,"href":"http:\/\/portalcatolico.net\/portal\/wp-json\/wp\/v2\/posts\/55788\/revisions\/55811"}],"wp:featuredmedia":[{"embeddable":true,"href":"http:\/\/portalcatolico.net\/portal\/wp-json\/wp\/v2\/media\/55789"}],"wp:attachment":[{"href":"http:\/\/portalcatolico.net\/portal\/wp-json\/wp\/v2\/media?parent=55788"}],"wp:term":[{"taxonomy":"category","embeddable":true,"href":"http:\/\/portalcatolico.net\/portal\/wp-json\/wp\/v2\/categories?post=55788"},{"taxonomy":"post_tag","embeddable":true,"href":"http:\/\/portalcatolico.net\/portal\/wp-json\/wp\/v2\/tags?post=55788"}],"curies":[{"name":"wp","href":"https:\/\/api.w.org\/{rel}","templated":true}]}}