{"id":55785,"date":"2018-05-26T20:14:37","date_gmt":"2018-05-26T23:14:37","guid":{"rendered":"http:\/\/portalcatolico.net\/portal\/?p=55785"},"modified":"2018-05-26T20:14:37","modified_gmt":"2018-05-26T23:14:37","slug":"igreja-na-argentina-convida-ao-jejum-diante-da-proxima-votacao-de-projeto-de-aborto","status":"publish","type":"post","link":"http:\/\/portalcatolico.net\/portal\/igreja-na-argentina-convida-ao-jejum-diante-da-proxima-votacao-de-projeto-de-aborto\/","title":{"rendered":"IGREJA NA ARGENTINA CONVIDA AO JEJUM DIANTE DA PR\u00d3XIMA VOTA\u00c7\u00c3O DE PROJETO DE ABORTO"},"content":{"rendered":"<p>A Confer\u00eancia Episcopal da Argentina (CEA) convidou os fi\u00e9is a viver no dia 7 de junho um dia especial de jejum e ora\u00e7\u00e3o, ante a pr\u00f3xima vota\u00e7\u00e3o do projeto de despenaliza\u00e7\u00e3o do&nbsp;aborto&nbsp;que \u00e9 discutido no Parlamento.<\/p>\n<p>Em 10 de abril, come\u00e7ou o debate sobre o projeto de aborto na C\u00e2mara dos Deputados. Desde ent\u00e3o, foram realizadas exposi\u00e7\u00f5es a favor e contra esta pr\u00e1tica e suas consequ\u00eancias na sociedade argentina. A vota\u00e7\u00e3o est\u00e1 marcada para o dia 13 de junho.<\/p>\n<p>O jejum ser\u00e1 realizado depois de terminar o tempo especial de ora\u00e7\u00e3o convocado pela&nbsp;Igreja&nbsp;na Argentina, do dia da Ascens\u00e3o do Senhor, em 13 de maio, at\u00e9 o dia da Solenidade do&nbsp;Corpo e Sangue de Cristo, em 3 de junho.<\/p>\n<p>O objetivo \u00e9 pedir \u201cao Senhor que nos d\u00ea a luz e a sabedoria em nossos cora\u00e7\u00f5es para que sejamos cidad\u00e3os que cuidam da&nbsp;vidadesde a sua concep\u00e7\u00e3o at\u00e9 o fim\u201d.<\/p>\n<p>\u201cPedimos que o Senhor ilumine o pensamento e o cora\u00e7\u00e3o das pessoas que devem legislar a respeito do valor e do significado da vida humana\u201d, acrescentaram.<\/p>\n<p>\u201cA Igreja nos ensina que o jejum \u00e9 uma oportunidade para dominar o nosso orgulho, reconhecer e agradecer os dons que v\u00eam de Deus e imitar a sua generosidade, compartilhando os nossos bens com os mais necessitados\u201d, asseguraram.(ACI Digital)<\/p>\n<p>Dia de Jejum e Ora\u00e7\u00e3o pela Vida \/ Imagem: Confer\u00eancia Episcopal Argentina<\/p>\n<p>Por Giselle Vargas<\/p>\n","protected":false},"excerpt":{"rendered":"<p>A Confer\u00eancia Episcopal da Argentina (CEA) convidou os fi\u00e9is a viver no dia 7 de junho um dia especial de jejum e ora\u00e7\u00e3o, ante a pr\u00f3xima vota\u00e7\u00e3o do projeto de despenaliza\u00e7\u00e3o do&nbsp;aborto&nbsp;que \u00e9 discutido no Parlamento. Em 10 de abril, come\u00e7ou o debate sobre o projeto de aborto na C\u00e2mara dos Deputados. Desde ent\u00e3o, foram&nbsp;<\/p>\n<p><a class=\"btn btn-style\" href=\"http:\/\/portalcatolico.net\/portal\/igreja-na-argentina-convida-ao-jejum-diante-da-proxima-votacao-de-projeto-de-aborto\/\">Continue Reading<\/a><\/p>\n","protected":false},"author":2,"featured_media":55786,"comment_status":"open","ping_status":"open","sticky":false,"template":"","format":"standard","meta":{"footnotes":""},"categories":[5],"tags":[],"class_list":["post-55785","post","type-post","status-publish","format-standard","has-post-thumbnail","hentry","category-igreja_no_mundo"],"_links":{"self":[{"href":"http:\/\/portalcatolico.net\/portal\/wp-json\/wp\/v2\/posts\/55785","targetHints":{"allow":["GET"]}}],"collection":[{"href":"http:\/\/portalcatolico.net\/portal\/wp-json\/wp\/v2\/posts"}],"about":[{"href":"http:\/\/portalcatolico.net\/portal\/wp-json\/wp\/v2\/types\/post"}],"author":[{"embeddable":true,"href":"http:\/\/portalcatolico.net\/portal\/wp-json\/wp\/v2\/users\/2"}],"replies":[{"embeddable":true,"href":"http:\/\/portalcatolico.net\/portal\/wp-json\/wp\/v2\/comments?post=55785"}],"version-history":[{"count":1,"href":"http:\/\/portalcatolico.net\/portal\/wp-json\/wp\/v2\/posts\/55785\/revisions"}],"predecessor-version":[{"id":55787,"href":"http:\/\/portalcatolico.net\/portal\/wp-json\/wp\/v2\/posts\/55785\/revisions\/55787"}],"wp:featuredmedia":[{"embeddable":true,"href":"http:\/\/portalcatolico.net\/portal\/wp-json\/wp\/v2\/media\/55786"}],"wp:attachment":[{"href":"http:\/\/portalcatolico.net\/portal\/wp-json\/wp\/v2\/media?parent=55785"}],"wp:term":[{"taxonomy":"category","embeddable":true,"href":"http:\/\/portalcatolico.net\/portal\/wp-json\/wp\/v2\/categories?post=55785"},{"taxonomy":"post_tag","embeddable":true,"href":"http:\/\/portalcatolico.net\/portal\/wp-json\/wp\/v2\/tags?post=55785"}],"curies":[{"name":"wp","href":"https:\/\/api.w.org\/{rel}","templated":true}]}}