{"id":55781,"date":"2018-05-26T19:36:30","date_gmt":"2018-05-26T22:36:30","guid":{"rendered":"http:\/\/portalcatolico.net\/portal\/?p=55781"},"modified":"2018-05-26T19:38:13","modified_gmt":"2018-05-26T22:38:13","slug":"santissima-trindade-misterio-central-da-fe-e-da-vida-crista","status":"publish","type":"post","link":"http:\/\/portalcatolico.net\/portal\/santissima-trindade-misterio-central-da-fe-e-da-vida-crista\/","title":{"rendered":"Sant\u00edssima Trindade: mist\u00e9rio central da f\u00e9 e da vida crist\u00e3"},"content":{"rendered":"<p><em>\u201cCelebrar a Sant\u00edssima Trindade representa para a Igreja celebrar a fonte de onde ela emana\u201d<\/em>, diz o bispo de Santo Andr\u00e9 (SP) e presidente da Comiss\u00e3o Episcopal Pastoral para a Doutrina da F\u00e9 da Confer\u00eancia Nacional dos Bispos do Brasil (CNBB), dom Pedro Carlos Cipollini.<\/p>\n<p>Esse mist\u00e9rio central da f\u00e9 crist\u00e3 \u00e9 ressaltado no conc\u00edlio Vaticano II: a Igreja brota da Trindade. Outra defini\u00e7\u00e3o bem did\u00e1tica foi escrita pelo bispo te\u00f3logo de Ilh\u00e9us (BA), j\u00e1 falecido, dom Valfredo Tepe, \u201co Pai projeta a Igreja, Jesus a funda e o Esp\u00edrito Santo a administra\u201d.<\/p>\n<p>Neste domingo, 27 de maio, a Igreja celebra a solenidade lit\u00fargica da Sant\u00edssima Trindade, o Pai, o Filho e o Esp\u00edrito Santo, tr\u00eas pessoas e um s\u00f3 Deus verdadeiro. Esta celebra\u00e7\u00e3o convida os crist\u00e3os a rezar e a agradecer o convite que Jesus faz para voltar com ele ressuscitado, para sua p\u00e1tria: a Trindade.<\/p>\n<p><em>\u201cEsta celebra\u00e7\u00e3o nos convida a celebrar a cria\u00e7\u00e3o que \u00e9 obra da Trindade, celebrar a humanidade vocacionada \u00e0 fraternidade e solidariedade: um s\u00f3 \u00e9 vosso Pai! E eu e o Pai somos um\u201d, destaca dom Cipollini.<\/em><\/p>\n<p>Ainda segundo o bispo, de junto do Pai Jesus ressuscitado envia o Esp\u00edrito Santo que nos santifica e nos torna santificadores deste mundo.&nbsp;<em>\u201cEsp\u00edrito de Verdade e amor derramado em nossos cora\u00e7\u00f5es para compreendermos que Jesus \u00e9 o enviado do Pai e crermos nele, ouvindo e vivendo o que ele nos ensinou\u201d.<\/em><\/p>\n<p>O mist\u00e9rio da Trindade que n\u00e3o pode ser entendido porque \u00e9 um mist\u00e9rio est\u00e1 nas origens da f\u00e9 viva da Igreja, principalmente atrav\u00e9s do Batismo. \u201cA gra\u00e7a do Senhor Jesus Cristo, o amor de Deus e a comunh\u00e3o do Esp\u00edrito Santo estejam com todos v\u00f3s\u201d (2Cor 13,13; cf. 1Cor 12,4-6; Ef 4,4-6) j\u00e1 pronunciavam os Ap\u00f3stolos.<\/p>\n<p>Santo Agostinho dizia que: \u201cO Esp\u00edrito Santo procede do Pai enquanto fonte primeira e, pela doa\u00e7\u00e3o eterna deste \u00faltimo ao Filho, do Pai e do Filho em comunh\u00e3o\u201d (A Trindade, 15,26,47).<\/p>\n<p>\u201cTrazemos para nossa vida o mist\u00e9rio da Trindade quando conhecemos Jesus que nos revela este mist\u00e9rio e \u00e9 o caminho para adentrarmos nele. Quando brota em n\u00f3s a paix\u00e3o para a unidade e o amor vividos na busca continua da Verdade que se revela em Jesus, a\u00ed ent\u00e3o o Mist\u00e9rio da Trindade se torna realidade para n\u00f3s\u201d.<\/p>\n<p>Dom Cipollini ressalta que \u00e9 preciso aprender a viver a unidade na diversidade unidos pelo amor.&nbsp;<em>\u201cViver a Trindade \u00e9 a partir da f\u00e9 abater tudo o que divide e construir pontes que integram\u201d.(CNBB)<\/em><\/p>\n","protected":false},"excerpt":{"rendered":"<p>\u201cCelebrar a Sant\u00edssima Trindade representa para a Igreja celebrar a fonte de onde ela emana\u201d, diz o bispo de Santo Andr\u00e9 (SP) e presidente da Comiss\u00e3o Episcopal Pastoral para a Doutrina da F\u00e9 da Confer\u00eancia Nacional dos Bispos do Brasil (CNBB), dom Pedro Carlos Cipollini. Esse mist\u00e9rio central da f\u00e9 crist\u00e3 \u00e9 ressaltado no conc\u00edlio&nbsp;<\/p>\n<p><a class=\"btn btn-style\" href=\"http:\/\/portalcatolico.net\/portal\/santissima-trindade-misterio-central-da-fe-e-da-vida-crista\/\">Continue Reading<\/a><\/p>\n","protected":false},"author":2,"featured_media":55782,"comment_status":"open","ping_status":"open","sticky":false,"template":"","format":"standard","meta":{"footnotes":""},"categories":[3],"tags":[],"class_list":["post-55781","post","type-post","status-publish","format-standard","has-post-thumbnail","hentry","category-noticias_regionais"],"_links":{"self":[{"href":"http:\/\/portalcatolico.net\/portal\/wp-json\/wp\/v2\/posts\/55781","targetHints":{"allow":["GET"]}}],"collection":[{"href":"http:\/\/portalcatolico.net\/portal\/wp-json\/wp\/v2\/posts"}],"about":[{"href":"http:\/\/portalcatolico.net\/portal\/wp-json\/wp\/v2\/types\/post"}],"author":[{"embeddable":true,"href":"http:\/\/portalcatolico.net\/portal\/wp-json\/wp\/v2\/users\/2"}],"replies":[{"embeddable":true,"href":"http:\/\/portalcatolico.net\/portal\/wp-json\/wp\/v2\/comments?post=55781"}],"version-history":[{"count":1,"href":"http:\/\/portalcatolico.net\/portal\/wp-json\/wp\/v2\/posts\/55781\/revisions"}],"predecessor-version":[{"id":55783,"href":"http:\/\/portalcatolico.net\/portal\/wp-json\/wp\/v2\/posts\/55781\/revisions\/55783"}],"wp:featuredmedia":[{"embeddable":true,"href":"http:\/\/portalcatolico.net\/portal\/wp-json\/wp\/v2\/media\/55782"}],"wp:attachment":[{"href":"http:\/\/portalcatolico.net\/portal\/wp-json\/wp\/v2\/media?parent=55781"}],"wp:term":[{"taxonomy":"category","embeddable":true,"href":"http:\/\/portalcatolico.net\/portal\/wp-json\/wp\/v2\/categories?post=55781"},{"taxonomy":"post_tag","embeddable":true,"href":"http:\/\/portalcatolico.net\/portal\/wp-json\/wp\/v2\/tags?post=55781"}],"curies":[{"name":"wp","href":"https:\/\/api.w.org\/{rel}","templated":true}]}}