{"id":55778,"date":"2018-05-25T21:55:25","date_gmt":"2018-05-26T00:55:25","guid":{"rendered":"http:\/\/portalcatolico.net\/portal\/?p=55778"},"modified":"2018-05-25T21:55:25","modified_gmt":"2018-05-26T00:55:25","slug":"v-tarde-com-maria-acontece-neste-domingo","status":"publish","type":"post","link":"http:\/\/portalcatolico.net\/portal\/v-tarde-com-maria-acontece-neste-domingo\/","title":{"rendered":"V Tarde com Maria acontece neste domingo"},"content":{"rendered":"<div dir=\"auto\"><i>O grupo de Ora\u00e7\u00e3o Nossa Senhora Aparecida da Par\u00f3quia Nossa Senhora Aparecida realizar\u00e1 neste domingo (27), a &#8220;V Tarde com Maria\u201d<\/i><i>,<\/i><i>&nbsp;<\/i><i>das 14h \u00e0s 19h<\/i>.<\/div>\n<div dir=\"auto\">A par\u00f3quia que fica<i>&nbsp;situada no bairro Calif\u00f3rnia, convida voc\u00ea para participar de uma tarde inteira pr\u00f3ximo&nbsp; da Virgem Maria,&nbsp; atrav\u00e9s de ora\u00e7\u00e3o, adora\u00e7\u00e3o, Santo Of\u00edcio, missa, prega\u00e7\u00e3o, apresenta\u00e7\u00f5es, testemunhos, Santo Ter\u00e7o, sorteio de brindes, entre outros momentos de evangeliza\u00e7\u00e3o.<\/i><\/p>\n<div class=\"yj6qo\">&nbsp;<\/div>\n<\/div>\n<div dir=\"auto\">Texto:Reda\u00e7\u00e3o\/Portal Cat\u00f3lico<\/div>\n","protected":false},"excerpt":{"rendered":"<p>O grupo de Ora\u00e7\u00e3o Nossa Senhora Aparecida da Par\u00f3quia Nossa Senhora Aparecida realizar\u00e1 neste domingo (27), a &#8220;V Tarde com Maria\u201d,&nbsp;das 14h \u00e0s 19h. A par\u00f3quia que fica&nbsp;situada no bairro Calif\u00f3rnia, convida voc\u00ea para participar de uma tarde inteira pr\u00f3ximo&nbsp; da Virgem Maria,&nbsp; atrav\u00e9s de ora\u00e7\u00e3o, adora\u00e7\u00e3o, Santo Of\u00edcio, missa, prega\u00e7\u00e3o, apresenta\u00e7\u00f5es, testemunhos, Santo Ter\u00e7o,&nbsp;<\/p>\n<p><a class=\"btn btn-style\" href=\"http:\/\/portalcatolico.net\/portal\/v-tarde-com-maria-acontece-neste-domingo\/\">Continue Reading<\/a><\/p>\n","protected":false},"author":2,"featured_media":55779,"comment_status":"open","ping_status":"open","sticky":false,"template":"","format":"standard","meta":{"footnotes":""},"categories":[1],"tags":[],"class_list":["post-55778","post","type-post","status-publish","format-standard","has-post-thumbnail","hentry","category-agenda"],"_links":{"self":[{"href":"http:\/\/portalcatolico.net\/portal\/wp-json\/wp\/v2\/posts\/55778","targetHints":{"allow":["GET"]}}],"collection":[{"href":"http:\/\/portalcatolico.net\/portal\/wp-json\/wp\/v2\/posts"}],"about":[{"href":"http:\/\/portalcatolico.net\/portal\/wp-json\/wp\/v2\/types\/post"}],"author":[{"embeddable":true,"href":"http:\/\/portalcatolico.net\/portal\/wp-json\/wp\/v2\/users\/2"}],"replies":[{"embeddable":true,"href":"http:\/\/portalcatolico.net\/portal\/wp-json\/wp\/v2\/comments?post=55778"}],"version-history":[{"count":1,"href":"http:\/\/portalcatolico.net\/portal\/wp-json\/wp\/v2\/posts\/55778\/revisions"}],"predecessor-version":[{"id":55780,"href":"http:\/\/portalcatolico.net\/portal\/wp-json\/wp\/v2\/posts\/55778\/revisions\/55780"}],"wp:featuredmedia":[{"embeddable":true,"href":"http:\/\/portalcatolico.net\/portal\/wp-json\/wp\/v2\/media\/55779"}],"wp:attachment":[{"href":"http:\/\/portalcatolico.net\/portal\/wp-json\/wp\/v2\/media?parent=55778"}],"wp:term":[{"taxonomy":"category","embeddable":true,"href":"http:\/\/portalcatolico.net\/portal\/wp-json\/wp\/v2\/categories?post=55778"},{"taxonomy":"post_tag","embeddable":true,"href":"http:\/\/portalcatolico.net\/portal\/wp-json\/wp\/v2\/tags?post=55778"}],"curies":[{"name":"wp","href":"https:\/\/api.w.org\/{rel}","templated":true}]}}