{"id":55775,"date":"2018-05-25T19:58:13","date_gmt":"2018-05-25T22:58:13","guid":{"rendered":"http:\/\/portalcatolico.net\/portal\/?p=55775"},"modified":"2018-05-25T19:58:13","modified_gmt":"2018-05-25T22:58:13","slug":"sexta-feira-da-misericordia-papa-visita-escola-em-periferia-de-roma","status":"publish","type":"post","link":"http:\/\/portalcatolico.net\/portal\/sexta-feira-da-misericordia-papa-visita-escola-em-periferia-de-roma\/","title":{"rendered":"Sexta-feira da Miseric\u00f3rdia: Papa visita escola em periferia de Roma"},"content":{"rendered":"<p>Nova \u201cSexta-feira da Miseric\u00f3rdia\u201d para o Papa. Uma iniciativa de Francisco nascida no Ano do \u201cJubileu extraordin\u00e1rio da Miseric\u00f3rdia\u201d como forma de expressar solidariedade a quem vive na exclus\u00e3o e marginaliza\u00e7\u00e3o.<\/p>\n<p>O Papa Francisco visitou na tarde desta sexta-feira (25\/05), no \u00e2mbito das \u201cSextas-feiras da Miseric\u00f3rdia\u201d, o Instituto Inclusivo&nbsp;<i>Elisa Scala<\/i>&nbsp;de Roma, uma escola estatal situada na periferia sudeste da capital localizada entre os bairros populares Finocchio e Borghesiana. O Santo Padre esteve acompanhado do presidente do Pontif\u00edcio Conselho para a Promo\u00e7\u00e3o da Nova Evangeliza\u00e7\u00e3o, Dom Rino Fisichella.<\/p>\n<p>O Instituto Inclusivo&nbsp;<i>Elisa Scala<\/i>&nbsp;foi criado nos anos cinquenta. Com o aumento demogr\u00e1fico local, a partir dos anos setenta, o Instituto foi ampliado com outros quatro pr\u00e9dios, deslocados entre os dois referidos bairros populares.<\/p>\n<p><b>Visita marcada por clima de entusiasmo e grande alegria<\/b><\/p>\n<p>O Papa visitou a sede central do Instituto, situado na Rua Nicotera. Ao chegar, sendo por todos acolhido com entusiasmo e grande alegria, Francisco recebeu as boas-vindas da diretora da escola, Professora Claudia Gentili, e de mais de duzentos jovens e adolescentes, que participam da iniciativa \u201cN\u00f3s&#8230; protagonistas!\u201d.<\/p>\n<div>\n<div class=\"article__embed article__embed--border embed_style\">\n<blockquote><p>\u201cO evento \u2013 que recebeu o ilustre visitante \u2013 \u00e9 fruto de cinco meses de prepara\u00e7\u00e3o, oferecendo aos estudantes uma abordagem com variadas disciplinas art\u00edsticas, esportivas e teatrais.\u201d<\/p><\/blockquote>\n<\/div>\n<\/div>\n<p><b>Hist\u00f3ria da Escola ligada \u00e0 hist\u00f3ria da fam\u00edlia Scala<\/b><\/p>\n<p>A diretora contou ao Santo Padre a hist\u00f3ria da Escola que, desde outubro de 2015, est\u00e1 ligada \u00e0 hist\u00f3ria da fam\u00edlia Scala, cuja filha, a pequena Elisa, que frequentava o ensino fundamental de uma das unidades do Instituto, veio a falecer tragicamente com apenas onze anos de idade em decorr\u00eancia de uma leucemia.<\/p>\n<p>Elisa era uma menina muito vivaz e determinada, e costumava falar com seus pais de sua paix\u00e3o pelos livros e bibliotecas. Quando veio a faltar, foi um desejo natural por parte dos genitores propor \u00e0 Escola um projeto para realizar o sonho da filha: uma sala para livros que pudesse ser frequentada por todos os estudantes. Poucos meses depois, em dezembro de 2015, foi criada a \u201cBiblioteca Elisa\u201d, um espa\u00e7o a ser preenchido por livros\u201d.<\/p>\n<p><b>Biblioteca Elisa<\/b><\/p>\n<p>Em seguida, foi lan\u00e7ada pelos pais Jorge e Maria a iniciativa \u201cDoe um livro para Elisa\u201d, dirigida a quem quisesse contribuir com uma pequena doa\u00e7\u00e3o de livros \u00e0 \u201cBiblioteca Elisa\u201d. Foram recolhidos milhares de textos, em v\u00e1rias l\u00ednguas, e todos com uma dedicat\u00f3ria a Elisa.<\/p>\n<p>Hoje s\u00e3o mais de vinte mil livros, provenientes de toda a It\u00e1lia, da Europa e at\u00e9 mesmo da Austr\u00e1lia, passando a integrar o circuito das bibliotecas municipais de Roma. Meses atr\u00e1s o Instituto recebeu a autoriza\u00e7\u00e3o do munic\u00edpio e do Minist\u00e9rio da Educa\u00e7\u00e3o para intitular a escola \u00e0 pequena Elisa.<\/p>\n<p><b>Santo Padre doa alguns volumes \u00e0 biblioteca<\/b><\/p>\n<p>Durante a visita o Papa encontrou os pais de Elisa que, comovidos, mostraram a Francisco as depend\u00eancias da biblioteca. O Santo Padre transcorreu alguns minutos com eles e doou alguns volumes \u00e0 biblioteca, todos com uma dedica\u00e7\u00e3o a Elisa.<\/p>\n<p>Os jovens entoaram alguns cantos para expressar o clima de festa e de acolhimento que a visita do Pont\u00edfice suscitou. Ap\u00f3s saudar a diretora, o corpo docente e discente e funcion\u00e1rios da Escola, Francisco regressou \u00e0 Casa Santa Marta, no Vaticano.<\/p>\n<p>Vale lembrar que as chamadas \u201cSextas-feiras da Miseric\u00f3rdia\u201d s\u00e3o, originalmente, uma iniciativa do Papa Francisco nascida no Ano do \u201cJubileu extraordin\u00e1rio da Miseric\u00f3rdia\u201d como forma de expressar solidariedade a quem vive na exclus\u00e3o e marginaliza\u00e7\u00e3o.<\/p>\n<p>Fonte:Vatinanews<\/p>\n","protected":false},"excerpt":{"rendered":"<p>Nova \u201cSexta-feira da Miseric\u00f3rdia\u201d para o Papa. Uma iniciativa de Francisco nascida no Ano do \u201cJubileu extraordin\u00e1rio da Miseric\u00f3rdia\u201d como forma de expressar solidariedade a quem vive na exclus\u00e3o e marginaliza\u00e7\u00e3o. O Papa Francisco visitou na tarde desta sexta-feira (25\/05), no \u00e2mbito das \u201cSextas-feiras da Miseric\u00f3rdia\u201d, o Instituto Inclusivo&nbsp;Elisa Scala&nbsp;de Roma, uma escola estatal situada&nbsp;<\/p>\n<p><a class=\"btn btn-style\" href=\"http:\/\/portalcatolico.net\/portal\/sexta-feira-da-misericordia-papa-visita-escola-em-periferia-de-roma\/\">Continue Reading<\/a><\/p>\n","protected":false},"author":2,"featured_media":55776,"comment_status":"open","ping_status":"open","sticky":false,"template":"","format":"standard","meta":{"footnotes":""},"categories":[5],"tags":[],"class_list":["post-55775","post","type-post","status-publish","format-standard","has-post-thumbnail","hentry","category-igreja_no_mundo"],"_links":{"self":[{"href":"http:\/\/portalcatolico.net\/portal\/wp-json\/wp\/v2\/posts\/55775","targetHints":{"allow":["GET"]}}],"collection":[{"href":"http:\/\/portalcatolico.net\/portal\/wp-json\/wp\/v2\/posts"}],"about":[{"href":"http:\/\/portalcatolico.net\/portal\/wp-json\/wp\/v2\/types\/post"}],"author":[{"embeddable":true,"href":"http:\/\/portalcatolico.net\/portal\/wp-json\/wp\/v2\/users\/2"}],"replies":[{"embeddable":true,"href":"http:\/\/portalcatolico.net\/portal\/wp-json\/wp\/v2\/comments?post=55775"}],"version-history":[{"count":1,"href":"http:\/\/portalcatolico.net\/portal\/wp-json\/wp\/v2\/posts\/55775\/revisions"}],"predecessor-version":[{"id":55777,"href":"http:\/\/portalcatolico.net\/portal\/wp-json\/wp\/v2\/posts\/55775\/revisions\/55777"}],"wp:featuredmedia":[{"embeddable":true,"href":"http:\/\/portalcatolico.net\/portal\/wp-json\/wp\/v2\/media\/55776"}],"wp:attachment":[{"href":"http:\/\/portalcatolico.net\/portal\/wp-json\/wp\/v2\/media?parent=55775"}],"wp:term":[{"taxonomy":"category","embeddable":true,"href":"http:\/\/portalcatolico.net\/portal\/wp-json\/wp\/v2\/categories?post=55775"},{"taxonomy":"post_tag","embeddable":true,"href":"http:\/\/portalcatolico.net\/portal\/wp-json\/wp\/v2\/tags?post=55775"}],"curies":[{"name":"wp","href":"https:\/\/api.w.org\/{rel}","templated":true}]}}