{"id":55773,"date":"2018-05-24T21:50:05","date_gmt":"2018-05-25T00:50:05","guid":{"rendered":"http:\/\/portalcatolico.net\/portal\/?p=55773"},"modified":"2018-05-24T21:50:33","modified_gmt":"2018-05-25T00:50:33","slug":"paroquia-de-itajuipe-prepara-festejos-em-homenagem-a-seu-padroeiro","status":"publish","type":"post","link":"http:\/\/portalcatolico.net\/portal\/paroquia-de-itajuipe-prepara-festejos-em-homenagem-a-seu-padroeiro\/","title":{"rendered":"Par\u00f3quia de Itaju\u00edpe prepara festejos em homenagem a seu padroeiro"},"content":{"rendered":"<p class=\"m_-6602112192130916701xgmail-msonospacing\"><em>A Par\u00f3quia&nbsp;<\/em>do Sagrado Cora\u00e7\u00e3o de Jesus situada em Itaju\u00edpe (BA), e&nbsp;<em>que tem como p\u00e1roco, o Pe. Edson Hagge Leandro, tem a alegria de convidar voc\u00ea e toda sua fam\u00edlia, para a festa do seu padroeiro, no dia 8 de junho.&nbsp;<u><\/u><u><\/u><\/em><\/p>\n<p class=\"m_-6602112192130916701xgmail-msonospacing\"><em>A programa\u00e7\u00e3o religiosa tem in\u00edcio no dia 30 de maio, com celebra\u00e7\u00f5es sempre \u00e0s 19h,&nbsp;<\/em>com o tema&nbsp;&nbsp;central da Festa do Sagrado Cora\u00e7\u00e3o de Jesus: \u201cCrist\u00e3os leigos e leigas a servi\u00e7o do Reino, Sal da Terra e Luz do Mundo.\u201d<em>&nbsp;Tema este, em comunh\u00e3o com as igrejas de todo o Brasil, que est\u00e3o celebrando o Ana Nacional do Laicato.<u><\/u><u><\/u><\/em><\/p>\n<p class=\"m_-6602112192130916701xgmail-msonospacing\"><em>O noven\u00e1rio ter\u00e1 in\u00edcio no dia 30 com a coroa\u00e7\u00e3o de Nossa Senhora e a Inaugura\u00e7\u00e3o do Jardim de Aparecida.<\/em><u><\/u><u><\/u><\/p>\n<p class=\"m_-6602112192130916701xgmail-msonospacing\"><em>A solenidade do Sagrado Cora\u00e7\u00e3o de Jesus, padroeiro da cidade de Itaju\u00edpe, ter\u00e1 in\u00edcio \u00e0s 6h-com o caf\u00e9 no Bosque e queima de fogos. \u00c0s 10h, haver\u00e1 Missa Solene, com a presid\u00eancia do bispo Diocesano da Diocese de Ilh\u00e9us, Dom Mauro Montagnoli.<\/em>&nbsp;\u00c0s&nbsp;<em>12h, acontecer\u00e1 a sauda\u00e7\u00e3o do cora\u00e7\u00e3o de Jesus com fogos e \u00e0s 17h, ter\u00e1 a tradicional prociss\u00e3o e b\u00ean\u00e7\u00e3o do Sant\u00edssimo Sacramento.<\/em><u><\/u><u><\/u><\/p>\n<p class=\"m_-6602112192130916701xgmail-msonospacing\"><em>A crian\u00e7ada pode participar \u00e0 vontade, pois est\u00e1 sendo organizada pelos membros das pastorais, movimentos e grupos de ora\u00e7\u00e3o, a Noveninha&nbsp;&nbsp;para as Crian\u00e7as.<\/em><u><\/u><u><\/u><\/p>\n<p class=\"m_-6602112192130916701xgmail-msonospacing\"><em>&nbsp;Participe!<\/em><\/p>\n<p>Texto e foto:Reda\u00e7\u00e3o\/Portal Cat\u00f3lico<\/p>\n","protected":false},"excerpt":{"rendered":"<p>A Par\u00f3quia&nbsp;do Sagrado Cora\u00e7\u00e3o de Jesus situada em Itaju\u00edpe (BA), e&nbsp;que tem como p\u00e1roco, o Pe. Edson Hagge Leandro, tem a alegria de convidar voc\u00ea e toda sua fam\u00edlia, para a festa do seu padroeiro, no dia 8 de junho.&nbsp; A programa\u00e7\u00e3o religiosa tem in\u00edcio no dia 30 de maio, com celebra\u00e7\u00f5es sempre \u00e0s 19h,&nbsp;com&nbsp;<\/p>\n<p><a class=\"btn btn-style\" href=\"http:\/\/portalcatolico.net\/portal\/paroquia-de-itajuipe-prepara-festejos-em-homenagem-a-seu-padroeiro\/\">Continue Reading<\/a><\/p>\n","protected":false},"author":2,"featured_media":54919,"comment_status":"open","ping_status":"open","sticky":false,"template":"","format":"standard","meta":{"footnotes":""},"categories":[1],"tags":[],"class_list":["post-55773","post","type-post","status-publish","format-standard","has-post-thumbnail","hentry","category-agenda"],"_links":{"self":[{"href":"http:\/\/portalcatolico.net\/portal\/wp-json\/wp\/v2\/posts\/55773","targetHints":{"allow":["GET"]}}],"collection":[{"href":"http:\/\/portalcatolico.net\/portal\/wp-json\/wp\/v2\/posts"}],"about":[{"href":"http:\/\/portalcatolico.net\/portal\/wp-json\/wp\/v2\/types\/post"}],"author":[{"embeddable":true,"href":"http:\/\/portalcatolico.net\/portal\/wp-json\/wp\/v2\/users\/2"}],"replies":[{"embeddable":true,"href":"http:\/\/portalcatolico.net\/portal\/wp-json\/wp\/v2\/comments?post=55773"}],"version-history":[{"count":1,"href":"http:\/\/portalcatolico.net\/portal\/wp-json\/wp\/v2\/posts\/55773\/revisions"}],"predecessor-version":[{"id":55774,"href":"http:\/\/portalcatolico.net\/portal\/wp-json\/wp\/v2\/posts\/55773\/revisions\/55774"}],"wp:featuredmedia":[{"embeddable":true,"href":"http:\/\/portalcatolico.net\/portal\/wp-json\/wp\/v2\/media\/54919"}],"wp:attachment":[{"href":"http:\/\/portalcatolico.net\/portal\/wp-json\/wp\/v2\/media?parent=55773"}],"wp:term":[{"taxonomy":"category","embeddable":true,"href":"http:\/\/portalcatolico.net\/portal\/wp-json\/wp\/v2\/categories?post=55773"},{"taxonomy":"post_tag","embeddable":true,"href":"http:\/\/portalcatolico.net\/portal\/wp-json\/wp\/v2\/tags?post=55773"}],"curies":[{"name":"wp","href":"https:\/\/api.w.org\/{rel}","templated":true}]}}