{"id":55769,"date":"2018-05-24T19:57:54","date_gmt":"2018-05-24T22:57:54","guid":{"rendered":"http:\/\/portalcatolico.net\/portal\/?p=55769"},"modified":"2018-05-24T19:57:54","modified_gmt":"2018-05-24T22:57:54","slug":"solenidade-de-entrega-da-comenda-dois-de-julho-que-homenageia-o-bispo-de-barreiras-dom-josafa-menezes","status":"publish","type":"post","link":"http:\/\/portalcatolico.net\/portal\/solenidade-de-entrega-da-comenda-dois-de-julho-que-homenageia-o-bispo-de-barreiras-dom-josafa-menezes\/","title":{"rendered":"SOLENIDADE DE ENTREGA DA \u201cCOMENDA DOIS DE JULHO\u201d QUE HOMENAGEIA O BISPO DE BARREIRAS, DOM JOSAF\u00c1 MENEZES"},"content":{"rendered":"<p>Na manh\u00e3 desta quinta-feira(24), Dom Josaf\u00e1 Menezes foi homenageado na Assembleia Legislativa da Bahia (ALBA), na ocasi\u00e3o, foi realizado uma solenidade de recebimento da \u201cComenda Dois de Julho \u2013 Liberdade da Bahia\u201d Trata-se da mais alta honraria concedida pelo Legislativo baiano a cidad\u00e3os reconhecidos pelos servi\u00e7os prestados ao Estado da Bahia.<\/p>\n<p>Na solenidade realizada na ALBA em Salvador, foram convidados pelo Deputado \u00c2ngelo Coronel, presidente da ALBA; Jo\u00e3o Le\u00e3o, Vice Governador da Bahia, Deputado Estadual Ant\u00f4nio Henrique J\u00fanior (propositor da homenagem ao Bispo de Barreiras), 1\u00ba vice Presidente da Assembleia da Bahia; Luiz Augusto, Arcebispo de Salvador, Dom Murilo Sebasti\u00e3o Krieger, Deputado Federal Cac\u00e1 Le\u00e3o, Secretario de Planejamento da Bahia,&nbsp; Antonio Henrique de Souza Moreira, Reitor da Bas\u00edlica Senhor Bonfim, Pe. Edson Menezes da Silva, que \u00e9 irm\u00e3o de Dom Josaf\u00e1.<\/p>\n<p>Para prestigiar Dom Josaf\u00e1, uma comitiva de amigos viajaram para a capital baiana e acompanharam a solenidade de entrega da comenda \u201cDois de Julho\u201d, s\u00e3o eles: Waley, empres\u00e1rio, Pe Robervalto (Pe. Robinho), professor F\u00e1bio do Santos.<\/p>\n<p>Fonte:Diocese de Barreiras-Bahia<\/p>\n","protected":false},"excerpt":{"rendered":"<p>Na manh\u00e3 desta quinta-feira(24), Dom Josaf\u00e1 Menezes foi homenageado na Assembleia Legislativa da Bahia (ALBA), na ocasi\u00e3o, foi realizado uma solenidade de recebimento da \u201cComenda Dois de Julho \u2013 Liberdade da Bahia\u201d Trata-se da mais alta honraria concedida pelo Legislativo baiano a cidad\u00e3os reconhecidos pelos servi\u00e7os prestados ao Estado da Bahia. Na solenidade realizada na&nbsp;<\/p>\n<p><a class=\"btn btn-style\" href=\"http:\/\/portalcatolico.net\/portal\/solenidade-de-entrega-da-comenda-dois-de-julho-que-homenageia-o-bispo-de-barreiras-dom-josafa-menezes\/\">Continue Reading<\/a><\/p>\n","protected":false},"author":2,"featured_media":55770,"comment_status":"open","ping_status":"open","sticky":false,"template":"","format":"standard","meta":{"footnotes":""},"categories":[3],"tags":[],"class_list":["post-55769","post","type-post","status-publish","format-standard","has-post-thumbnail","hentry","category-noticias_regionais"],"_links":{"self":[{"href":"http:\/\/portalcatolico.net\/portal\/wp-json\/wp\/v2\/posts\/55769","targetHints":{"allow":["GET"]}}],"collection":[{"href":"http:\/\/portalcatolico.net\/portal\/wp-json\/wp\/v2\/posts"}],"about":[{"href":"http:\/\/portalcatolico.net\/portal\/wp-json\/wp\/v2\/types\/post"}],"author":[{"embeddable":true,"href":"http:\/\/portalcatolico.net\/portal\/wp-json\/wp\/v2\/users\/2"}],"replies":[{"embeddable":true,"href":"http:\/\/portalcatolico.net\/portal\/wp-json\/wp\/v2\/comments?post=55769"}],"version-history":[{"count":1,"href":"http:\/\/portalcatolico.net\/portal\/wp-json\/wp\/v2\/posts\/55769\/revisions"}],"predecessor-version":[{"id":55771,"href":"http:\/\/portalcatolico.net\/portal\/wp-json\/wp\/v2\/posts\/55769\/revisions\/55771"}],"wp:featuredmedia":[{"embeddable":true,"href":"http:\/\/portalcatolico.net\/portal\/wp-json\/wp\/v2\/media\/55770"}],"wp:attachment":[{"href":"http:\/\/portalcatolico.net\/portal\/wp-json\/wp\/v2\/media?parent=55769"}],"wp:term":[{"taxonomy":"category","embeddable":true,"href":"http:\/\/portalcatolico.net\/portal\/wp-json\/wp\/v2\/categories?post=55769"},{"taxonomy":"post_tag","embeddable":true,"href":"http:\/\/portalcatolico.net\/portal\/wp-json\/wp\/v2\/tags?post=55769"}],"curies":[{"name":"wp","href":"https:\/\/api.w.org\/{rel}","templated":true}]}}