{"id":55765,"date":"2018-05-23T21:00:02","date_gmt":"2018-05-24T00:00:02","guid":{"rendered":"http:\/\/portalcatolico.net\/portal\/?p=55765"},"modified":"2018-05-23T21:17:00","modified_gmt":"2018-05-24T00:17:00","slug":"padre-avelino-da-testemunho-durante-novenario-de-santa-rita-de-cassia-em-itabuna","status":"publish","type":"post","link":"http:\/\/portalcatolico.net\/portal\/padre-avelino-da-testemunho-durante-novenario-de-santa-rita-de-cassia-em-itabuna\/","title":{"rendered":"Padre Avelino d\u00e1 testemunho durante Noven\u00e1rio de Santa Rita de C\u00e1ssia em Itabuna"},"content":{"rendered":"<p style=\"font-weight: 400;\"><em>A Par\u00f3quia Santa Rita C\u00e1ssia pertencente \u00e0 Diocese de Itabuna (BA) recebeu no dia 21 de maio, a visita especial no Noven\u00e1rio de Santa Rita de C\u00e1ssia, do &nbsp;padre Paulo Avelino da Arquidiocese de Salvador. Durante o Noven\u00e1rio, Padre Avelino fez um testemunho para mais de 6 mil fieis, contando como entrou para a Renova\u00e7\u00e3o Carism\u00e1tica Cat\u00f3lica. Confira!<\/em><\/p>\n<p style=\"font-weight: 400;\">\u201c(&#8230;) sabe como foi que eu comecei na Renova\u00e7\u00e3o Carism\u00e1tica? Eu comecei uma tosse que n\u00e3o passava. Fui a uma m\u00e9dica, no Hospital Portugu\u00eas, ela disse pra eu fazer uns exames. E a\u00ed ela checou e disse que tinha a Gama GT elevada e pediu pra eu tirar o vinho. Eu passei a n\u00e3o consumir mais o vinho na missa. Passaram-se seis meses, oito meses e nada. Ela disse que tava tudo igual, e eu n\u00e3o conseguia pregar. Tossindo, tossindo, tossindo. Fui pra outro m\u00e9dico, maravilhoso, examinou minha vida toda e disse que eu n\u00e3o tinha nada. A\u00ed fui pra mais um, que disse pra eu apelar pra f\u00e9. \u00c0s vezes, algu\u00e9m tem que dizer isso pra gente. A\u00ed um dia, dona Eliete da Renova\u00e7\u00e3o Carism\u00e1tica da Par\u00f3quia, passou por mim e disse assim: \u2018estranho, frei Paulo, eu vi o senhor agora, morto!\u2019. Sabe quando voc\u00ea come\u00e7a a se despertar? N\u00e3o procurei mais nenhum m\u00e9dico. Acordei e nunca mais dormi no ponto. \u00c9 ora\u00e7\u00e3o, \u00e9 Esp\u00edrito Santo. N\u00e3o tenho nada! Ele manda falsas enfermidades. Voc\u00ea pensa que est\u00e1 doente, voc\u00ea pensa que t\u00e1 morto, voc\u00ea pensa t\u00e1 desequilibrado, manda hemorragia, voc\u00ea gasta dinheiro, gasta tempo, gasta tudo. Vou contar mais uma. Em 16 de mar\u00e7o de 2015, era Carnaval, levantei, tomei banho, seis horas da manh\u00e3, o mundo rodou, uma \u00e2nsia de v\u00f4mito, fui ao hospital. Eu n\u00e3o conseguia ficar de p\u00e9. E eu s\u00f3 dizia que nem medo nem preocupa\u00e7\u00e3o faziam parte da minha vida. Deus tirou isso. Eu s\u00f3 dizia: \u2018seja feita a Tua vontade\u2019. Chegando no hospital, o m\u00e9dico disse que eu teria que passar uns dias internado. Eu disse que n\u00e3o, perguntei se eu podia levar duas pessoas da comunidade pra orar por mim. Quando o padre colocou a m\u00e3o na minha cabe\u00e7a, vomitei o quarto todo. Fizeram tantos exames em mim, disseram at\u00e9 que u tinha labirintite e eu disse: \u2018n\u00e3o tenho, doutor. Pode mapear meu c\u00e9rebro.\u201d. E mapearam. Vinte e quatro exames e n\u00e3o deu nada. Como filho ou como pai ou como amigo de voc\u00eas aqui hoje, eu digo que voc\u00eas est\u00e3o precisando de uma ora\u00e7\u00e3o bem forte, ou de uma vida de ora\u00e7\u00e3o. Creio que Deus pode tudo. Eu s\u00f3 preciso Dele\u201d.<\/p>\n<p style=\"font-weight: 400;\"><em>Padre Avelino \u00e9 p\u00e1roco da Par\u00f3quia de Nossa Senhora do Resgate, que se situa no bairro Cabula na capital baiana, e fundador da Cidade Santa, na cidade de Dias D\u00e1vila (BA) .<\/em>&nbsp;Al\u00e9m disso,<em>&nbsp;padre Paulo Avelino apresenta o &nbsp;programa \u201cMinha f\u00e9\u201d das 5h \u00e0s 6h, de segunda a sexta-feira, na R\u00e1dio Bahia FM.<\/em><\/p>\n<p>Por:Reda\u00e7\u00e3o\/Portal Cat\u00f3lico<\/p>\n","protected":false},"excerpt":{"rendered":"<p>A Par\u00f3quia Santa Rita C\u00e1ssia pertencente \u00e0 Diocese de Itabuna (BA) recebeu no dia 21 de maio, a visita especial no Noven\u00e1rio de Santa Rita de C\u00e1ssia, do &nbsp;padre Paulo Avelino da Arquidiocese de Salvador. Durante o Noven\u00e1rio, Padre Avelino fez um testemunho para mais de 6 mil fieis, contando como entrou para a Renova\u00e7\u00e3o&nbsp;<\/p>\n<p><a class=\"btn btn-style\" href=\"http:\/\/portalcatolico.net\/portal\/padre-avelino-da-testemunho-durante-novenario-de-santa-rita-de-cassia-em-itabuna\/\">Continue Reading<\/a><\/p>\n","protected":false},"author":2,"featured_media":55766,"comment_status":"open","ping_status":"open","sticky":false,"template":"","format":"standard","meta":{"footnotes":""},"categories":[70],"tags":[],"class_list":["post-55765","post","type-post","status-publish","format-standard","has-post-thumbnail","hentry","category-testemunhos"],"_links":{"self":[{"href":"http:\/\/portalcatolico.net\/portal\/wp-json\/wp\/v2\/posts\/55765","targetHints":{"allow":["GET"]}}],"collection":[{"href":"http:\/\/portalcatolico.net\/portal\/wp-json\/wp\/v2\/posts"}],"about":[{"href":"http:\/\/portalcatolico.net\/portal\/wp-json\/wp\/v2\/types\/post"}],"author":[{"embeddable":true,"href":"http:\/\/portalcatolico.net\/portal\/wp-json\/wp\/v2\/users\/2"}],"replies":[{"embeddable":true,"href":"http:\/\/portalcatolico.net\/portal\/wp-json\/wp\/v2\/comments?post=55765"}],"version-history":[{"count":1,"href":"http:\/\/portalcatolico.net\/portal\/wp-json\/wp\/v2\/posts\/55765\/revisions"}],"predecessor-version":[{"id":55767,"href":"http:\/\/portalcatolico.net\/portal\/wp-json\/wp\/v2\/posts\/55765\/revisions\/55767"}],"wp:featuredmedia":[{"embeddable":true,"href":"http:\/\/portalcatolico.net\/portal\/wp-json\/wp\/v2\/media\/55766"}],"wp:attachment":[{"href":"http:\/\/portalcatolico.net\/portal\/wp-json\/wp\/v2\/media?parent=55765"}],"wp:term":[{"taxonomy":"category","embeddable":true,"href":"http:\/\/portalcatolico.net\/portal\/wp-json\/wp\/v2\/categories?post=55765"},{"taxonomy":"post_tag","embeddable":true,"href":"http:\/\/portalcatolico.net\/portal\/wp-json\/wp\/v2\/tags?post=55765"}],"curies":[{"name":"wp","href":"https:\/\/api.w.org\/{rel}","templated":true}]}}